{"id":9867,"date":"2025-03-13T02:16:56","date_gmt":"2025-03-13T05:16:56","guid":{"rendered":"https:\/\/nahuelproducciones.com.ar\/radioquijano\/?p=9867"},"modified":"2025-03-16T12:35:17","modified_gmt":"2025-03-16T15:35:17","slug":"familia-lamas-del-paraje-lari-lari-ubicada-y-en-buen-estado-de-salud","status":"publish","type":"post","link":"https:\/\/nahuelproducciones.com.ar\/radioquijano\/familia-lamas-del-paraje-lari-lari-ubicada-y-en-buen-estado-de-salud\/","title":{"rendered":"FAMILIA LAMAS DEL PARAJE LARI GRANDE UBICADA Y EN BUEN ESTADO DE SALUD"},"content":{"rendered":"\n<p>Tras d\u00edas de incertidumbre, se confirma que la familia Lamas, residente en el paraje Lari Grande, se encuentra en buen estado de salud.<\/p>\n\n\n\n<p>Gracias al gran trabajo realizado por el personal de Gendarmer\u00eda Nacional, Escuadr\u00f3n 22 San Antonio de los Cobres, se logr\u00f3 llegar hasta la zona de dif\u00edcil acceso entre Las Cuevas y El Palomar. All\u00ed, verificaron la situaci\u00f3n de la se\u00f1ora Ubalda Lamas y su familia, quienes hab\u00edan quedado incomunicados debido a las inclemencias clim\u00e1ticas.<\/p>\n\n\n\n<p>El operativo de rescate se llev\u00f3 a cabo a partir del pedido de Marta Lamas, hija de la se\u00f1ora Ubalda, quien reside en Campo Quijano y no ten\u00eda noticias de su familia desde las tormentas de la semana pasada. Al llegar al lugar, Gendarmer\u00eda estableci\u00f3 contacto telef\u00f3nico satelital con la se\u00f1ora Lamas, permitiendo que hablara con su hija y llev\u00e1ndole tranquilidad tras d\u00edas de preocupaci\u00f3n.<\/p>\n\n\n\n<p>Adem\u00e1s de la verificaci\u00f3n del estado de salud de la familia, el personal de Gendarmer\u00eda les brind\u00f3 asistencia con v\u00edveres y agua. Las im\u00e1genes del operativo muestran las dificultades del acceso al paraje, lo que requiri\u00f3 un gran esfuerzo log\u00edstico desde el s\u00e1bado pasado para concretar la misi\u00f3n.<\/p>\n\n\n\n<p>Desde Radio Quijano, expresamos nuestro reconocimiento y gratitud a Gendarmer\u00eda Nacional, Delegaci\u00f3n San Antonio de los Cobres, por su compromiso en esta tarea humanitaria.<\/p>\n\n\n\n<figure class=\"wp-block-embed\"><div class=\"wp-block-embed__wrapper\">\nhttps:\/\/www.facebook.com\/share\/v\/1HkMcxw7eX\/\n<\/div><\/figure>\n","protected":false},"excerpt":{"rendered":"<p>Tras d\u00edas de incertidumbre, se confirma que la familia Lamas, residente en el paraje Lari Grande, se encuentra en buen estado de salud. Gracias al gran trabajo realizado por el personal de Gendarmer\u00eda Nacional, Escuadr\u00f3n 22 San Antonio de los Cobres, se logr\u00f3 llegar hasta la zona de dif\u00edcil acceso entre Las Cuevas y El [&hellip;]<\/p>\n","protected":false},"author":8,"featured_media":9868,"comment_status":"open","ping_status":"open","sticky":false,"template":"","format":"standard","meta":{"_monsterinsights_skip_tracking":false,"_monsterinsights_sitenote_active":false,"_monsterinsights_sitenote_note":"","_monsterinsights_sitenote_category":0,"footnotes":""},"categories":[16],"tags":[100],"class_list":["post-9867","post","type-post","status-publish","format-standard","has-post-thumbnail","hentry","category-noticias","tag-municipio-de-campo-quijano"],"yoast_head":"<!-- This site is optimized with the Yoast SEO plugin v20.8 - https:\/\/yoast.com\/wordpress\/plugins\/seo\/ -->\n<title>FAMILIA LAMAS DEL PARAJE LARI GRANDE UBICADA Y EN BUEN ESTADO DE SALUD - RQ 99.9<\/title>\n<meta name=\"description\" content=\"Desde Radio Quijano, expresamos nuestro reconocimiento y gratitud a Gendarmer\u00eda Nacional, Delegaci\u00f3n San Antonio de los Cobres, por su compromiso en esta tarea humanitaria.\" \/>\n<meta name=\"robots\" content=\"index, follow, max-snippet:-1, max-image-preview:large, max-video-preview:-1\" \/>\n<link rel=\"canonical\" href=\"https:\/\/nahuelproducciones.com.ar\/radioquijano\/familia-lamas-del-paraje-lari-lari-ubicada-y-en-buen-estado-de-salud\/\" \/>\n<meta property=\"og:locale\" content=\"es_ES\" \/>\n<meta property=\"og:type\" content=\"article\" \/>\n<meta property=\"og:title\" content=\"FAMILIA LAMAS DEL PARAJE LARI GRANDE UBICADA Y EN BUEN ESTADO DE SALUD - RQ 99.9\" \/>\n<meta property=\"og:description\" content=\"Desde Radio Quijano, expresamos nuestro reconocimiento y gratitud a Gendarmer\u00eda Nacional, Delegaci\u00f3n San Antonio de los Cobres, por su compromiso en esta tarea humanitaria.\" \/>\n<meta property=\"og:url\" content=\"https:\/\/nahuelproducciones.com.ar\/radioquijano\/familia-lamas-del-paraje-lari-lari-ubicada-y-en-buen-estado-de-salud\/\" \/>\n<meta property=\"og:site_name\" content=\"RQ 99.9\" \/>\n<meta property=\"article:publisher\" content=\"https:\/\/www.facebook.com\/nahuelproducciones999\/\" \/>\n<meta property=\"article:published_time\" content=\"2025-03-13T05:16:56+00:00\" \/>\n<meta property=\"article:modified_time\" content=\"2025-03-16T15:35:17+00:00\" \/>\n<meta property=\"og:image\" content=\"https:\/\/nahuelproducciones.com.ar\/radioquijano\/wp-content\/uploads\/2025\/03\/Screenshot_20250313_020854-e1741842972294.jpg\" \/>\n\t<meta property=\"og:image:width\" content=\"700\" \/>\n\t<meta property=\"og:image:height\" content=\"442\" \/>\n\t<meta property=\"og:image:type\" content=\"image\/jpeg\" \/>\n<meta name=\"author\" content=\"Cecilia Pastrana\" \/>\n<meta name=\"twitter:card\" content=\"summary_large_image\" \/>\n<meta name=\"twitter:creator\" content=\"@nahuproduciones\" \/>\n<meta name=\"twitter:site\" content=\"@nahuproduciones\" \/>\n<meta name=\"twitter:label1\" content=\"Escrito por\" \/>\n\t<meta name=\"twitter:data1\" content=\"Cecilia Pastrana\" \/>\n\t<meta name=\"twitter:label2\" content=\"Tiempo de lectura\" \/>\n\t<meta name=\"twitter:data2\" content=\"1 minuto\" \/>\n<script type=\"application\/ld+json\" class=\"yoast-schema-graph\">{\"@context\":\"https:\/\/schema.org\",\"@graph\":[{\"@type\":\"WebPage\",\"@id\":\"https:\/\/nahuelproducciones.com.ar\/radioquijano\/familia-lamas-del-paraje-lari-lari-ubicada-y-en-buen-estado-de-salud\/\",\"url\":\"https:\/\/nahuelproducciones.com.ar\/radioquijano\/familia-lamas-del-paraje-lari-lari-ubicada-y-en-buen-estado-de-salud\/\",\"name\":\"FAMILIA LAMAS DEL PARAJE LARI GRANDE UBICADA Y EN BUEN ESTADO DE SALUD - RQ 99.9\",\"isPartOf\":{\"@id\":\"https:\/\/nahuelproducciones.com.ar\/radioquijano\/#website\"},\"datePublished\":\"2025-03-13T05:16:56+00:00\",\"dateModified\":\"2025-03-16T15:35:17+00:00\",\"author\":{\"@id\":\"https:\/\/nahuelproducciones.com.ar\/radioquijano\/#\/schema\/person\/e8a4f939e2cb487fe6d0c54042c9d32c\"},\"description\":\"Desde Radio Quijano, expresamos nuestro reconocimiento y gratitud a Gendarmer\u00eda Nacional, Delegaci\u00f3n San Antonio de los Cobres, por su compromiso en esta tarea humanitaria.\",\"breadcrumb\":{\"@id\":\"https:\/\/nahuelproducciones.com.ar\/radioquijano\/familia-lamas-del-paraje-lari-lari-ubicada-y-en-buen-estado-de-salud\/#breadcrumb\"},\"inLanguage\":\"es\",\"potentialAction\":[{\"@type\":\"ReadAction\",\"target\":[\"https:\/\/nahuelproducciones.com.ar\/radioquijano\/familia-lamas-del-paraje-lari-lari-ubicada-y-en-buen-estado-de-salud\/\"]}]},{\"@type\":\"BreadcrumbList\",\"@id\":\"https:\/\/nahuelproducciones.com.ar\/radioquijano\/familia-lamas-del-paraje-lari-lari-ubicada-y-en-buen-estado-de-salud\/#breadcrumb\",\"itemListElement\":[{\"@type\":\"ListItem\",\"position\":1,\"name\":\"Portada\",\"item\":\"https:\/\/nahuelproducciones.com.ar\/radioquijano\/\"},{\"@type\":\"ListItem\",\"position\":2,\"name\":\"FAMILIA LAMAS DEL PARAJE LARI GRANDE UBICADA Y EN BUEN ESTADO DE SALUD\"}]},{\"@type\":\"WebSite\",\"@id\":\"https:\/\/nahuelproducciones.com.ar\/radioquijano\/#website\",\"url\":\"https:\/\/nahuelproducciones.com.ar\/radioquijano\/\",\"name\":\"RQ 99.9\",\"description\":\"Radio Quijano 99.9 MHz\",\"potentialAction\":[{\"@type\":\"SearchAction\",\"target\":{\"@type\":\"EntryPoint\",\"urlTemplate\":\"https:\/\/nahuelproducciones.com.ar\/radioquijano\/?s={search_term_string}\"},\"query-input\":\"required name=search_term_string\"}],\"inLanguage\":\"es\"},{\"@type\":\"Person\",\"@id\":\"https:\/\/nahuelproducciones.com.ar\/radioquijano\/#\/schema\/person\/e8a4f939e2cb487fe6d0c54042c9d32c\",\"name\":\"Cecilia Pastrana\",\"image\":{\"@type\":\"ImageObject\",\"inLanguage\":\"es\",\"@id\":\"https:\/\/nahuelproducciones.com.ar\/radioquijano\/#\/schema\/person\/image\/\",\"url\":\"https:\/\/secure.gravatar.com\/avatar\/661a3ef63a8488d4f2794ed44af8cf71420f7e106f3072c40125114df5157749?s=96&d=mm&r=g\",\"contentUrl\":\"https:\/\/secure.gravatar.com\/avatar\/661a3ef63a8488d4f2794ed44af8cf71420f7e106f3072c40125114df5157749?s=96&d=mm&r=g\",\"caption\":\"Cecilia Pastrana\"},\"sameAs\":[\"cecy\"],\"url\":\"https:\/\/nahuelproducciones.com.ar\/radioquijano\/author\/cecy\/\"}]}<\/script>\n<!-- \/ Yoast SEO plugin. -->","yoast_head_json":{"title":"FAMILIA LAMAS DEL PARAJE LARI GRANDE UBICADA Y EN BUEN ESTADO DE SALUD - RQ 99.9","description":"Desde Radio Quijano, expresamos nuestro reconocimiento y gratitud a Gendarmer\u00eda Nacional, Delegaci\u00f3n San Antonio de los Cobres, por su compromiso en esta tarea humanitaria.","robots":{"index":"index","follow":"follow","max-snippet":"max-snippet:-1","max-image-preview":"max-image-preview:large","max-video-preview":"max-video-preview:-1"},"canonical":"https:\/\/nahuelproducciones.com.ar\/radioquijano\/familia-lamas-del-paraje-lari-lari-ubicada-y-en-buen-estado-de-salud\/","og_locale":"es_ES","og_type":"article","og_title":"FAMILIA LAMAS DEL PARAJE LARI GRANDE UBICADA Y EN BUEN ESTADO DE SALUD - RQ 99.9","og_description":"Desde Radio Quijano, expresamos nuestro reconocimiento y gratitud a Gendarmer\u00eda Nacional, Delegaci\u00f3n San Antonio de los Cobres, por su compromiso en esta tarea humanitaria.","og_url":"https:\/\/nahuelproducciones.com.ar\/radioquijano\/familia-lamas-del-paraje-lari-lari-ubicada-y-en-buen-estado-de-salud\/","og_site_name":"RQ 99.9","article_publisher":"https:\/\/www.facebook.com\/nahuelproducciones999\/","article_published_time":"2025-03-13T05:16:56+00:00","article_modified_time":"2025-03-16T15:35:17+00:00","og_image":[{"width":700,"height":442,"url":"https:\/\/nahuelproducciones.com.ar\/radioquijano\/wp-content\/uploads\/2025\/03\/Screenshot_20250313_020854-e1741842972294.jpg","type":"image\/jpeg"}],"author":"Cecilia Pastrana","twitter_card":"summary_large_image","twitter_creator":"@nahuproduciones","twitter_site":"@nahuproduciones","twitter_misc":{"Escrito por":"Cecilia Pastrana","Tiempo de lectura":"1 minuto"},"schema":{"@context":"https:\/\/schema.org","@graph":[{"@type":"WebPage","@id":"https:\/\/nahuelproducciones.com.ar\/radioquijano\/familia-lamas-del-paraje-lari-lari-ubicada-y-en-buen-estado-de-salud\/","url":"https:\/\/nahuelproducciones.com.ar\/radioquijano\/familia-lamas-del-paraje-lari-lari-ubicada-y-en-buen-estado-de-salud\/","name":"FAMILIA LAMAS DEL PARAJE LARI GRANDE UBICADA Y EN BUEN ESTADO DE SALUD - RQ 99.9","isPartOf":{"@id":"https:\/\/nahuelproducciones.com.ar\/radioquijano\/#website"},"datePublished":"2025-03-13T05:16:56+00:00","dateModified":"2025-03-16T15:35:17+00:00","author":{"@id":"https:\/\/nahuelproducciones.com.ar\/radioquijano\/#\/schema\/person\/e8a4f939e2cb487fe6d0c54042c9d32c"},"description":"Desde Radio Quijano, expresamos nuestro reconocimiento y gratitud a Gendarmer\u00eda Nacional, Delegaci\u00f3n San Antonio de los Cobres, por su compromiso en esta tarea humanitaria.","breadcrumb":{"@id":"https:\/\/nahuelproducciones.com.ar\/radioquijano\/familia-lamas-del-paraje-lari-lari-ubicada-y-en-buen-estado-de-salud\/#breadcrumb"},"inLanguage":"es","potentialAction":[{"@type":"ReadAction","target":["https:\/\/nahuelproducciones.com.ar\/radioquijano\/familia-lamas-del-paraje-lari-lari-ubicada-y-en-buen-estado-de-salud\/"]}]},{"@type":"BreadcrumbList","@id":"https:\/\/nahuelproducciones.com.ar\/radioquijano\/familia-lamas-del-paraje-lari-lari-ubicada-y-en-buen-estado-de-salud\/#breadcrumb","itemListElement":[{"@type":"ListItem","position":1,"name":"Portada","item":"https:\/\/nahuelproducciones.com.ar\/radioquijano\/"},{"@type":"ListItem","position":2,"name":"FAMILIA LAMAS DEL PARAJE LARI GRANDE UBICADA Y EN BUEN ESTADO DE SALUD"}]},{"@type":"WebSite","@id":"https:\/\/nahuelproducciones.com.ar\/radioquijano\/#website","url":"https:\/\/nahuelproducciones.com.ar\/radioquijano\/","name":"RQ 99.9","description":"Radio Quijano 99.9 MHz","potentialAction":[{"@type":"SearchAction","target":{"@type":"EntryPoint","urlTemplate":"https:\/\/nahuelproducciones.com.ar\/radioquijano\/?s={search_term_string}"},"query-input":"required name=search_term_string"}],"inLanguage":"es"},{"@type":"Person","@id":"https:\/\/nahuelproducciones.com.ar\/radioquijano\/#\/schema\/person\/e8a4f939e2cb487fe6d0c54042c9d32c","name":"Cecilia Pastrana","image":{"@type":"ImageObject","inLanguage":"es","@id":"https:\/\/nahuelproducciones.com.ar\/radioquijano\/#\/schema\/person\/image\/","url":"https:\/\/secure.gravatar.com\/avatar\/661a3ef63a8488d4f2794ed44af8cf71420f7e106f3072c40125114df5157749?s=96&d=mm&r=g","contentUrl":"https:\/\/secure.gravatar.com\/avatar\/661a3ef63a8488d4f2794ed44af8cf71420f7e106f3072c40125114df5157749?s=96&d=mm&r=g","caption":"Cecilia Pastrana"},"sameAs":["cecy"],"url":"https:\/\/nahuelproducciones.com.ar\/radioquijano\/author\/cecy\/"}]}},"_links":{"self":[{"href":"https:\/\/nahuelproducciones.com.ar\/radioquijano\/wp-json\/wp\/v2\/posts\/9867","targetHints":{"allow":["GET"]}}],"collection":[{"href":"https:\/\/nahuelproducciones.com.ar\/radioquijano\/wp-json\/wp\/v2\/posts"}],"about":[{"href":"https:\/\/nahuelproducciones.com.ar\/radioquijano\/wp-json\/wp\/v2\/types\/post"}],"author":[{"embeddable":true,"href":"https:\/\/nahuelproducciones.com.ar\/radioquijano\/wp-json\/wp\/v2\/users\/8"}],"replies":[{"embeddable":true,"href":"https:\/\/nahuelproducciones.com.ar\/radioquijano\/wp-json\/wp\/v2\/comments?post=9867"}],"version-history":[{"count":2,"href":"https:\/\/nahuelproducciones.com.ar\/radioquijano\/wp-json\/wp\/v2\/posts\/9867\/revisions"}],"predecessor-version":[{"id":9882,"href":"https:\/\/nahuelproducciones.com.ar\/radioquijano\/wp-json\/wp\/v2\/posts\/9867\/revisions\/9882"}],"wp:featuredmedia":[{"embeddable":true,"href":"https:\/\/nahuelproducciones.com.ar\/radioquijano\/wp-json\/wp\/v2\/media\/9868"}],"wp:attachment":[{"href":"https:\/\/nahuelproducciones.com.ar\/radioquijano\/wp-json\/wp\/v2\/media?parent=9867"}],"wp:term":[{"taxonomy":"category","embeddable":true,"href":"https:\/\/nahuelproducciones.com.ar\/radioquijano\/wp-json\/wp\/v2\/categories?post=9867"},{"taxonomy":"post_tag","embeddable":true,"href":"https:\/\/nahuelproducciones.com.ar\/radioquijano\/wp-json\/wp\/v2\/tags?post=9867"}],"curies":[{"name":"wp","href":"https:\/\/api.w.org\/{rel}","templated":true}]}}