{"id":9871,"date":"2025-03-15T20:20:44","date_gmt":"2025-03-15T23:20:44","guid":{"rendered":"https:\/\/nahuelproducciones.com.ar\/radioquijano\/?p=9871"},"modified":"2025-03-15T20:20:45","modified_gmt":"2025-03-15T23:20:45","slug":"busqueda-de-personas","status":"publish","type":"post","link":"https:\/\/nahuelproducciones.com.ar\/radioquijano\/busqueda-de-personas\/","title":{"rendered":"BUSQUEDA DE PERSONAS"},"content":{"rendered":"\n<h1 class=\"wp-block-heading\">Operativo de b\u00fasqueda para localizar a una mujer de La Silleta<\/h1>\n\n\n\n<p><strong>Polic\u00eda de Salta trabaja en el marco del Protocolo de B\u00fasqueda de Personas Extraviadas tras la denuncia radicada por familiares de Mar\u00eda Romero, quien desde el mi\u00e9rcoles no regresa a su hogar. Participan \u00e1reas operativas e investigativas. Interviene la Fiscal\u00eda Penal de Rosario de Lerma.<\/strong><\/p>\n\n\n\n<p>Distintas \u00e1reas de la Polic\u00eda de trabajan en el marco del Protocolo de B\u00fasqueda de Personas Extraviadas para dar con el paradero de Mar\u00eda Romero, docente jubilada de 64 a\u00f1os, quien fue vista por \u00faltima vez el mi\u00e9rcoles en su domicilio de la localidad de La Silleta tras la denuncia de familiares. Interviene la Fiscal\u00eda Penal de Rosario de Lerma.<\/p>\n\n\n\n<p>Trabajan en el operativo de b\u00fasqueda, efectivos de los Distritos de Prevenci\u00f3n 1 y 10, la Divisi\u00f3n Canes, Bomberos de la Polic\u00eda y Voluntarios, y personal municipal con el objetivo de reforzar las labores de campo en la zona.<\/p>\n\n\n\n<p>Mar\u00eda Romero al momento de ausentarse vest\u00eda una campera negra con manchas cuadradas rosadas. Es de contextura delgada, tez trigue\u00f1a, cabello con rulos color negro y no posee se\u00f1as particulares.<\/p>\n\n\n\n<p>Ante cualquier informaci\u00f3n sobre su paradero comunicarse al Sistema de Emergencias 9-1-1, acercarse a la Dependencia Policial o llamar al 3874565467 del Destacamento Policial La Silleta.<\/p>\n\n\n\n<figure class=\"wp-block-image\"><img decoding=\"async\" src=\"https:\/\/prensa.policiadesalta.gob.ar\/wp-content\/uploads\/2025\/03\/WhatsApp-Image-2025-03-14-at-12.55.39-PM-1-1024x770.jpeg\" alt=\"\" class=\"wp-image-29036\"\/><\/figure>\n\n\n\n<figure class=\"wp-block-image\"><img decoding=\"async\" src=\"https:\/\/prensa.policiadesalta.gob.ar\/wp-content\/uploads\/2025\/03\/WhatsApp-Image-2025-03-14-at-12.55.33-PM-1.jpeg\" alt=\"\" class=\"wp-image-29039\"\/><\/figure>\n\n\n\n<p>Fuente:\u00a0Prensa y Difusi\u00f3n &#8211; Policia de Salta<\/p>\n","protected":false},"excerpt":{"rendered":"<p>Operativo de b\u00fasqueda para localizar a una mujer de La Silleta Polic\u00eda de Salta trabaja en el marco del Protocolo de B\u00fasqueda de Personas Extraviadas tras la denuncia radicada por familiares de Mar\u00eda Romero, quien desde el mi\u00e9rcoles no regresa a su hogar. Participan \u00e1reas operativas e investigativas. Interviene la Fiscal\u00eda Penal de Rosario de [&hellip;]<\/p>\n","protected":false},"author":8,"featured_media":9872,"comment_status":"open","ping_status":"open","sticky":false,"template":"","format":"standard","meta":{"_monsterinsights_skip_tracking":false,"_monsterinsights_sitenote_active":false,"_monsterinsights_sitenote_note":"","_monsterinsights_sitenote_category":0,"footnotes":""},"categories":[16],"tags":[77,1749,100],"class_list":["post-9871","post","type-post","status-publish","format-standard","has-post-thumbnail","hentry","category-noticias","tag-la-silleta","tag-maria-romero","tag-municipio-de-campo-quijano"],"yoast_head":"<!-- This site is optimized with the Yoast SEO plugin v20.8 - https:\/\/yoast.com\/wordpress\/plugins\/seo\/ -->\n<title>BUSQUEDA DE PERSONAS - RQ 99.9<\/title>\n<meta name=\"description\" content=\"Protocolo de B\u00fasqueda de Personas Extraviadas tras la denuncia radicada por familiares de Mar\u00eda Romero, quien desde el mi\u00e9rcoles no regresa a su hogar.\" \/>\n<meta name=\"robots\" content=\"index, follow, max-snippet:-1, max-image-preview:large, max-video-preview:-1\" \/>\n<link rel=\"canonical\" href=\"https:\/\/nahuelproducciones.com.ar\/radioquijano\/busqueda-de-personas\/\" \/>\n<meta property=\"og:locale\" content=\"es_ES\" \/>\n<meta property=\"og:type\" content=\"article\" \/>\n<meta property=\"og:title\" content=\"BUSQUEDA DE PERSONAS - RQ 99.9\" \/>\n<meta property=\"og:description\" content=\"Protocolo de B\u00fasqueda de Personas Extraviadas tras la denuncia radicada por familiares de Mar\u00eda Romero, quien desde el mi\u00e9rcoles no regresa a su hogar.\" \/>\n<meta property=\"og:url\" content=\"https:\/\/nahuelproducciones.com.ar\/radioquijano\/busqueda-de-personas\/\" \/>\n<meta property=\"og:site_name\" content=\"RQ 99.9\" \/>\n<meta property=\"article:publisher\" content=\"https:\/\/www.facebook.com\/nahuelproducciones999\/\" \/>\n<meta property=\"article:published_time\" content=\"2025-03-15T23:20:44+00:00\" \/>\n<meta property=\"article:modified_time\" content=\"2025-03-15T23:20:45+00:00\" \/>\n<meta property=\"og:image\" content=\"https:\/\/nahuelproducciones.com.ar\/radioquijano\/wp-content\/uploads\/2025\/03\/WhatsApp-Image-2025-03-14-at-12.55.38-PM-e1742080832472.jpeg\" \/>\n\t<meta property=\"og:image:width\" content=\"700\" \/>\n\t<meta property=\"og:image:height\" content=\"525\" \/>\n\t<meta property=\"og:image:type\" content=\"image\/jpeg\" \/>\n<meta name=\"author\" content=\"Cecilia Pastrana\" \/>\n<meta name=\"twitter:card\" content=\"summary_large_image\" \/>\n<meta name=\"twitter:creator\" content=\"@nahuproduciones\" \/>\n<meta name=\"twitter:site\" content=\"@nahuproduciones\" \/>\n<meta name=\"twitter:label1\" content=\"Escrito por\" \/>\n\t<meta name=\"twitter:data1\" content=\"Cecilia Pastrana\" \/>\n\t<meta name=\"twitter:label2\" content=\"Tiempo de lectura\" \/>\n\t<meta name=\"twitter:data2\" content=\"2 minutos\" \/>\n<script type=\"application\/ld+json\" class=\"yoast-schema-graph\">{\"@context\":\"https:\/\/schema.org\",\"@graph\":[{\"@type\":\"WebPage\",\"@id\":\"https:\/\/nahuelproducciones.com.ar\/radioquijano\/busqueda-de-personas\/\",\"url\":\"https:\/\/nahuelproducciones.com.ar\/radioquijano\/busqueda-de-personas\/\",\"name\":\"BUSQUEDA DE PERSONAS - RQ 99.9\",\"isPartOf\":{\"@id\":\"https:\/\/nahuelproducciones.com.ar\/radioquijano\/#website\"},\"datePublished\":\"2025-03-15T23:20:44+00:00\",\"dateModified\":\"2025-03-15T23:20:45+00:00\",\"author\":{\"@id\":\"https:\/\/nahuelproducciones.com.ar\/radioquijano\/#\/schema\/person\/e8a4f939e2cb487fe6d0c54042c9d32c\"},\"description\":\"Protocolo de B\u00fasqueda de Personas Extraviadas tras la denuncia radicada por familiares de Mar\u00eda Romero, quien desde el mi\u00e9rcoles no regresa a su hogar.\",\"breadcrumb\":{\"@id\":\"https:\/\/nahuelproducciones.com.ar\/radioquijano\/busqueda-de-personas\/#breadcrumb\"},\"inLanguage\":\"es\",\"potentialAction\":[{\"@type\":\"ReadAction\",\"target\":[\"https:\/\/nahuelproducciones.com.ar\/radioquijano\/busqueda-de-personas\/\"]}]},{\"@type\":\"BreadcrumbList\",\"@id\":\"https:\/\/nahuelproducciones.com.ar\/radioquijano\/busqueda-de-personas\/#breadcrumb\",\"itemListElement\":[{\"@type\":\"ListItem\",\"position\":1,\"name\":\"Portada\",\"item\":\"https:\/\/nahuelproducciones.com.ar\/radioquijano\/\"},{\"@type\":\"ListItem\",\"position\":2,\"name\":\"BUSQUEDA DE PERSONAS\"}]},{\"@type\":\"WebSite\",\"@id\":\"https:\/\/nahuelproducciones.com.ar\/radioquijano\/#website\",\"url\":\"https:\/\/nahuelproducciones.com.ar\/radioquijano\/\",\"name\":\"RQ 99.9\",\"description\":\"Radio Quijano 99.9 MHz\",\"potentialAction\":[{\"@type\":\"SearchAction\",\"target\":{\"@type\":\"EntryPoint\",\"urlTemplate\":\"https:\/\/nahuelproducciones.com.ar\/radioquijano\/?s={search_term_string}\"},\"query-input\":\"required name=search_term_string\"}],\"inLanguage\":\"es\"},{\"@type\":\"Person\",\"@id\":\"https:\/\/nahuelproducciones.com.ar\/radioquijano\/#\/schema\/person\/e8a4f939e2cb487fe6d0c54042c9d32c\",\"name\":\"Cecilia Pastrana\",\"image\":{\"@type\":\"ImageObject\",\"inLanguage\":\"es\",\"@id\":\"https:\/\/nahuelproducciones.com.ar\/radioquijano\/#\/schema\/person\/image\/\",\"url\":\"https:\/\/secure.gravatar.com\/avatar\/661a3ef63a8488d4f2794ed44af8cf71420f7e106f3072c40125114df5157749?s=96&d=mm&r=g\",\"contentUrl\":\"https:\/\/secure.gravatar.com\/avatar\/661a3ef63a8488d4f2794ed44af8cf71420f7e106f3072c40125114df5157749?s=96&d=mm&r=g\",\"caption\":\"Cecilia Pastrana\"},\"sameAs\":[\"cecy\"],\"url\":\"https:\/\/nahuelproducciones.com.ar\/radioquijano\/author\/cecy\/\"}]}<\/script>\n<!-- \/ Yoast SEO plugin. -->","yoast_head_json":{"title":"BUSQUEDA DE PERSONAS - RQ 99.9","description":"Protocolo de B\u00fasqueda de Personas Extraviadas tras la denuncia radicada por familiares de Mar\u00eda Romero, quien desde el mi\u00e9rcoles no regresa a su hogar.","robots":{"index":"index","follow":"follow","max-snippet":"max-snippet:-1","max-image-preview":"max-image-preview:large","max-video-preview":"max-video-preview:-1"},"canonical":"https:\/\/nahuelproducciones.com.ar\/radioquijano\/busqueda-de-personas\/","og_locale":"es_ES","og_type":"article","og_title":"BUSQUEDA DE PERSONAS - RQ 99.9","og_description":"Protocolo de B\u00fasqueda de Personas Extraviadas tras la denuncia radicada por familiares de Mar\u00eda Romero, quien desde el mi\u00e9rcoles no regresa a su hogar.","og_url":"https:\/\/nahuelproducciones.com.ar\/radioquijano\/busqueda-de-personas\/","og_site_name":"RQ 99.9","article_publisher":"https:\/\/www.facebook.com\/nahuelproducciones999\/","article_published_time":"2025-03-15T23:20:44+00:00","article_modified_time":"2025-03-15T23:20:45+00:00","og_image":[{"width":700,"height":525,"url":"https:\/\/nahuelproducciones.com.ar\/radioquijano\/wp-content\/uploads\/2025\/03\/WhatsApp-Image-2025-03-14-at-12.55.38-PM-e1742080832472.jpeg","type":"image\/jpeg"}],"author":"Cecilia Pastrana","twitter_card":"summary_large_image","twitter_creator":"@nahuproduciones","twitter_site":"@nahuproduciones","twitter_misc":{"Escrito por":"Cecilia Pastrana","Tiempo de lectura":"2 minutos"},"schema":{"@context":"https:\/\/schema.org","@graph":[{"@type":"WebPage","@id":"https:\/\/nahuelproducciones.com.ar\/radioquijano\/busqueda-de-personas\/","url":"https:\/\/nahuelproducciones.com.ar\/radioquijano\/busqueda-de-personas\/","name":"BUSQUEDA DE PERSONAS - RQ 99.9","isPartOf":{"@id":"https:\/\/nahuelproducciones.com.ar\/radioquijano\/#website"},"datePublished":"2025-03-15T23:20:44+00:00","dateModified":"2025-03-15T23:20:45+00:00","author":{"@id":"https:\/\/nahuelproducciones.com.ar\/radioquijano\/#\/schema\/person\/e8a4f939e2cb487fe6d0c54042c9d32c"},"description":"Protocolo de B\u00fasqueda de Personas Extraviadas tras la denuncia radicada por familiares de Mar\u00eda Romero, quien desde el mi\u00e9rcoles no regresa a su hogar.","breadcrumb":{"@id":"https:\/\/nahuelproducciones.com.ar\/radioquijano\/busqueda-de-personas\/#breadcrumb"},"inLanguage":"es","potentialAction":[{"@type":"ReadAction","target":["https:\/\/nahuelproducciones.com.ar\/radioquijano\/busqueda-de-personas\/"]}]},{"@type":"BreadcrumbList","@id":"https:\/\/nahuelproducciones.com.ar\/radioquijano\/busqueda-de-personas\/#breadcrumb","itemListElement":[{"@type":"ListItem","position":1,"name":"Portada","item":"https:\/\/nahuelproducciones.com.ar\/radioquijano\/"},{"@type":"ListItem","position":2,"name":"BUSQUEDA DE PERSONAS"}]},{"@type":"WebSite","@id":"https:\/\/nahuelproducciones.com.ar\/radioquijano\/#website","url":"https:\/\/nahuelproducciones.com.ar\/radioquijano\/","name":"RQ 99.9","description":"Radio Quijano 99.9 MHz","potentialAction":[{"@type":"SearchAction","target":{"@type":"EntryPoint","urlTemplate":"https:\/\/nahuelproducciones.com.ar\/radioquijano\/?s={search_term_string}"},"query-input":"required name=search_term_string"}],"inLanguage":"es"},{"@type":"Person","@id":"https:\/\/nahuelproducciones.com.ar\/radioquijano\/#\/schema\/person\/e8a4f939e2cb487fe6d0c54042c9d32c","name":"Cecilia Pastrana","image":{"@type":"ImageObject","inLanguage":"es","@id":"https:\/\/nahuelproducciones.com.ar\/radioquijano\/#\/schema\/person\/image\/","url":"https:\/\/secure.gravatar.com\/avatar\/661a3ef63a8488d4f2794ed44af8cf71420f7e106f3072c40125114df5157749?s=96&d=mm&r=g","contentUrl":"https:\/\/secure.gravatar.com\/avatar\/661a3ef63a8488d4f2794ed44af8cf71420f7e106f3072c40125114df5157749?s=96&d=mm&r=g","caption":"Cecilia Pastrana"},"sameAs":["cecy"],"url":"https:\/\/nahuelproducciones.com.ar\/radioquijano\/author\/cecy\/"}]}},"_links":{"self":[{"href":"https:\/\/nahuelproducciones.com.ar\/radioquijano\/wp-json\/wp\/v2\/posts\/9871","targetHints":{"allow":["GET"]}}],"collection":[{"href":"https:\/\/nahuelproducciones.com.ar\/radioquijano\/wp-json\/wp\/v2\/posts"}],"about":[{"href":"https:\/\/nahuelproducciones.com.ar\/radioquijano\/wp-json\/wp\/v2\/types\/post"}],"author":[{"embeddable":true,"href":"https:\/\/nahuelproducciones.com.ar\/radioquijano\/wp-json\/wp\/v2\/users\/8"}],"replies":[{"embeddable":true,"href":"https:\/\/nahuelproducciones.com.ar\/radioquijano\/wp-json\/wp\/v2\/comments?post=9871"}],"version-history":[{"count":1,"href":"https:\/\/nahuelproducciones.com.ar\/radioquijano\/wp-json\/wp\/v2\/posts\/9871\/revisions"}],"predecessor-version":[{"id":9873,"href":"https:\/\/nahuelproducciones.com.ar\/radioquijano\/wp-json\/wp\/v2\/posts\/9871\/revisions\/9873"}],"wp:featuredmedia":[{"embeddable":true,"href":"https:\/\/nahuelproducciones.com.ar\/radioquijano\/wp-json\/wp\/v2\/media\/9872"}],"wp:attachment":[{"href":"https:\/\/nahuelproducciones.com.ar\/radioquijano\/wp-json\/wp\/v2\/media?parent=9871"}],"wp:term":[{"taxonomy":"category","embeddable":true,"href":"https:\/\/nahuelproducciones.com.ar\/radioquijano\/wp-json\/wp\/v2\/categories?post=9871"},{"taxonomy":"post_tag","embeddable":true,"href":"https:\/\/nahuelproducciones.com.ar\/radioquijano\/wp-json\/wp\/v2\/tags?post=9871"}],"curies":[{"name":"wp","href":"https:\/\/api.w.org\/{rel}","templated":true}]}}