{"id":9883,"date":"2025-03-26T00:07:15","date_gmt":"2025-03-26T03:07:15","guid":{"rendered":"https:\/\/nahuelproducciones.com.ar\/radioquijano\/?p=9883"},"modified":"2025-03-26T00:08:24","modified_gmt":"2025-03-26T03:08:24","slug":"campo-quijano-fue-condenado-por-un-homicidio-preterintencional","status":"publish","type":"post","link":"https:\/\/nahuelproducciones.com.ar\/radioquijano\/campo-quijano-fue-condenado-por-un-homicidio-preterintencional\/","title":{"rendered":"Campo Quijano: Fue condenado por un homicidio preterintencional"},"content":{"rendered":"\n<p><em><strong>curri\u00f3 el pasado 1 de marzo, cuando se report\u00f3 el deceso de un hombre en esa localidad, luego de una gresca.<\/strong><\/em><\/p>\n\n\n\n<p>El&nbsp;<strong>fiscal penal 2 de la Unidad de Graves Atentados contra las Personas <\/strong>en turno,<strong> Gabriel Gonz\u00e1lez<\/strong>, represent\u00f3 al <strong>Ministerio P\u00fablico Fiscal<\/strong> ante el Juzgado de Garant\u00edas 4 del distrito Centro, en la audiencia flexible y multiprop\u00f3sito, donde con el consentimiento de las partes, se acord\u00f3 un juicio abreviado para Jorge Esteban Serapio como autor del delito de homicidio preterintencional, previsto en el art\u00edculo 81 inc. B del C\u00f3digo Penal Argentino.<\/p>\n\n\n\n<p>El juez Diego Rodr\u00edguez Pipino, luego de recibir la confesi\u00f3n del acusado le impuso una pena de 3 a\u00f1os de prisi\u00f3n de ejecuci\u00f3n condicional, el cumplimiento de reglas de conducta y la inscripci\u00f3n en el Banco de Datos Gen\u00e9ticos.<\/p>\n\n\n\n<p>El hecho sucedi\u00f3 el pasado 1 de marzo en barrio San Jorge de la localidad de Campo Quijano, donde el acusado mantuvo una gresca con un hombre de 36 a\u00f1os, a quien golpe\u00f3 en el rostro con el pu\u00f1o, provocando su ca\u00edda y el posterior deceso a causa de un cefalohematoma.<\/p>\n\n\n\n<p><\/p>\n\n\n\n<p><\/p>\n\n\n\n<p><\/p>\n\n\n\n<p>Fuente: Fiscales Penales Salta<\/p>\n","protected":false},"excerpt":{"rendered":"<p>curri\u00f3 el pasado 1 de marzo, cuando se report\u00f3 el deceso de un hombre en esa localidad, luego de una gresca. El&nbsp;fiscal penal 2 de la Unidad de Graves Atentados contra las Personas en turno, Gabriel Gonz\u00e1lez, represent\u00f3 al Ministerio P\u00fablico Fiscal ante el Juzgado de Garant\u00edas 4 del distrito Centro, en la audiencia flexible [&hellip;]<\/p>\n","protected":false},"author":6,"featured_media":9885,"comment_status":"open","ping_status":"open","sticky":false,"template":"","format":"standard","meta":{"_monsterinsights_skip_tracking":false,"_monsterinsights_sitenote_active":false,"_monsterinsights_sitenote_note":"","_monsterinsights_sitenote_category":0,"footnotes":""},"categories":[16],"tags":[36,58,75,63,84,71,100],"class_list":["post-9883","post","type-post","status-publish","format-standard","has-post-thumbnail","hentry","category-noticias","tag-campo-quijano","tag-carlos-folloni","tag-concejo-deliberante-de-campo-quijano","tag-lino-yonar","tag-manuel-cornejo","tag-municipalidad-de-campo-quijano","tag-municipio-de-campo-quijano"],"yoast_head":"<!-- This site is optimized with the Yoast SEO plugin v20.8 - https:\/\/yoast.com\/wordpress\/plugins\/seo\/ -->\n<title>Campo Quijano: Fue condenado por un homicidio preterintencional - RQ 99.9<\/title>\n<meta name=\"robots\" content=\"index, follow, max-snippet:-1, max-image-preview:large, max-video-preview:-1\" \/>\n<link rel=\"canonical\" href=\"https:\/\/nahuelproducciones.com.ar\/radioquijano\/campo-quijano-fue-condenado-por-un-homicidio-preterintencional\/\" \/>\n<meta property=\"og:locale\" content=\"es_ES\" \/>\n<meta property=\"og:type\" content=\"article\" \/>\n<meta property=\"og:title\" content=\"Campo Quijano: Fue condenado por un homicidio preterintencional - RQ 99.9\" \/>\n<meta property=\"og:description\" content=\"curri\u00f3 el pasado 1 de marzo, cuando se report\u00f3 el deceso de un hombre en esa localidad, luego de una gresca. El&nbsp;fiscal penal 2 de la Unidad de Graves Atentados contra las Personas en turno, Gabriel Gonz\u00e1lez, represent\u00f3 al Ministerio P\u00fablico Fiscal ante el Juzgado de Garant\u00edas 4 del distrito Centro, en la audiencia flexible [&hellip;]\" \/>\n<meta property=\"og:url\" content=\"https:\/\/nahuelproducciones.com.ar\/radioquijano\/campo-quijano-fue-condenado-por-un-homicidio-preterintencional\/\" \/>\n<meta property=\"og:site_name\" content=\"RQ 99.9\" \/>\n<meta property=\"article:publisher\" content=\"https:\/\/www.facebook.com\/nahuelproducciones999\/\" \/>\n<meta property=\"article:published_time\" content=\"2025-03-26T03:07:15+00:00\" \/>\n<meta property=\"article:modified_time\" content=\"2025-03-26T03:08:24+00:00\" \/>\n<meta property=\"og:image\" content=\"https:\/\/nahuelproducciones.com.ar\/radioquijano\/wp-content\/uploads\/2025\/03\/Jorge-Esteban-Serapio.jpg\" \/>\n\t<meta property=\"og:image:width\" content=\"1080\" \/>\n\t<meta property=\"og:image:height\" content=\"590\" \/>\n\t<meta property=\"og:image:type\" content=\"image\/jpeg\" \/>\n<meta name=\"author\" content=\"Ricardo Guzman\" \/>\n<meta name=\"twitter:card\" content=\"summary_large_image\" \/>\n<meta name=\"twitter:creator\" content=\"@nahuproduciones\" \/>\n<meta name=\"twitter:site\" content=\"@nahuproduciones\" \/>\n<meta name=\"twitter:label1\" content=\"Escrito por\" \/>\n\t<meta name=\"twitter:data1\" content=\"Ricardo Guzman\" \/>\n\t<meta name=\"twitter:label2\" content=\"Tiempo de lectura\" \/>\n\t<meta name=\"twitter:data2\" content=\"1 minuto\" \/>\n<script type=\"application\/ld+json\" class=\"yoast-schema-graph\">{\"@context\":\"https:\/\/schema.org\",\"@graph\":[{\"@type\":\"WebPage\",\"@id\":\"https:\/\/nahuelproducciones.com.ar\/radioquijano\/campo-quijano-fue-condenado-por-un-homicidio-preterintencional\/\",\"url\":\"https:\/\/nahuelproducciones.com.ar\/radioquijano\/campo-quijano-fue-condenado-por-un-homicidio-preterintencional\/\",\"name\":\"Campo Quijano: Fue condenado por un homicidio preterintencional - RQ 99.9\",\"isPartOf\":{\"@id\":\"https:\/\/nahuelproducciones.com.ar\/radioquijano\/#website\"},\"datePublished\":\"2025-03-26T03:07:15+00:00\",\"dateModified\":\"2025-03-26T03:08:24+00:00\",\"author\":{\"@id\":\"https:\/\/nahuelproducciones.com.ar\/radioquijano\/#\/schema\/person\/b9b81a110cbdf07949e2cd02d478ab9d\"},\"breadcrumb\":{\"@id\":\"https:\/\/nahuelproducciones.com.ar\/radioquijano\/campo-quijano-fue-condenado-por-un-homicidio-preterintencional\/#breadcrumb\"},\"inLanguage\":\"es\",\"potentialAction\":[{\"@type\":\"ReadAction\",\"target\":[\"https:\/\/nahuelproducciones.com.ar\/radioquijano\/campo-quijano-fue-condenado-por-un-homicidio-preterintencional\/\"]}]},{\"@type\":\"BreadcrumbList\",\"@id\":\"https:\/\/nahuelproducciones.com.ar\/radioquijano\/campo-quijano-fue-condenado-por-un-homicidio-preterintencional\/#breadcrumb\",\"itemListElement\":[{\"@type\":\"ListItem\",\"position\":1,\"name\":\"Portada\",\"item\":\"https:\/\/nahuelproducciones.com.ar\/radioquijano\/\"},{\"@type\":\"ListItem\",\"position\":2,\"name\":\"Campo Quijano: Fue condenado por un homicidio preterintencional\"}]},{\"@type\":\"WebSite\",\"@id\":\"https:\/\/nahuelproducciones.com.ar\/radioquijano\/#website\",\"url\":\"https:\/\/nahuelproducciones.com.ar\/radioquijano\/\",\"name\":\"RQ 99.9\",\"description\":\"Radio Quijano 99.9 MHz\",\"potentialAction\":[{\"@type\":\"SearchAction\",\"target\":{\"@type\":\"EntryPoint\",\"urlTemplate\":\"https:\/\/nahuelproducciones.com.ar\/radioquijano\/?s={search_term_string}\"},\"query-input\":\"required name=search_term_string\"}],\"inLanguage\":\"es\"},{\"@type\":\"Person\",\"@id\":\"https:\/\/nahuelproducciones.com.ar\/radioquijano\/#\/schema\/person\/b9b81a110cbdf07949e2cd02d478ab9d\",\"name\":\"Ricardo Guzman\",\"image\":{\"@type\":\"ImageObject\",\"inLanguage\":\"es\",\"@id\":\"https:\/\/nahuelproducciones.com.ar\/radioquijano\/#\/schema\/person\/image\/\",\"url\":\"https:\/\/secure.gravatar.com\/avatar\/a5d582deda251f95dc882b72fc6e7b4854f88bb25c3154519210afffa7d706e8?s=96&d=mm&r=g\",\"contentUrl\":\"https:\/\/secure.gravatar.com\/avatar\/a5d582deda251f95dc882b72fc6e7b4854f88bb25c3154519210afffa7d706e8?s=96&d=mm&r=g\",\"caption\":\"Ricardo Guzman\"},\"url\":\"https:\/\/nahuelproducciones.com.ar\/radioquijano\/author\/cady\/\"}]}<\/script>\n<!-- \/ Yoast SEO plugin. -->","yoast_head_json":{"title":"Campo Quijano: Fue condenado por un homicidio preterintencional - RQ 99.9","robots":{"index":"index","follow":"follow","max-snippet":"max-snippet:-1","max-image-preview":"max-image-preview:large","max-video-preview":"max-video-preview:-1"},"canonical":"https:\/\/nahuelproducciones.com.ar\/radioquijano\/campo-quijano-fue-condenado-por-un-homicidio-preterintencional\/","og_locale":"es_ES","og_type":"article","og_title":"Campo Quijano: Fue condenado por un homicidio preterintencional - RQ 99.9","og_description":"curri\u00f3 el pasado 1 de marzo, cuando se report\u00f3 el deceso de un hombre en esa localidad, luego de una gresca. El&nbsp;fiscal penal 2 de la Unidad de Graves Atentados contra las Personas en turno, Gabriel Gonz\u00e1lez, represent\u00f3 al Ministerio P\u00fablico Fiscal ante el Juzgado de Garant\u00edas 4 del distrito Centro, en la audiencia flexible [&hellip;]","og_url":"https:\/\/nahuelproducciones.com.ar\/radioquijano\/campo-quijano-fue-condenado-por-un-homicidio-preterintencional\/","og_site_name":"RQ 99.9","article_publisher":"https:\/\/www.facebook.com\/nahuelproducciones999\/","article_published_time":"2025-03-26T03:07:15+00:00","article_modified_time":"2025-03-26T03:08:24+00:00","og_image":[{"width":1080,"height":590,"url":"https:\/\/nahuelproducciones.com.ar\/radioquijano\/wp-content\/uploads\/2025\/03\/Jorge-Esteban-Serapio.jpg","type":"image\/jpeg"}],"author":"Ricardo Guzman","twitter_card":"summary_large_image","twitter_creator":"@nahuproduciones","twitter_site":"@nahuproduciones","twitter_misc":{"Escrito por":"Ricardo Guzman","Tiempo de lectura":"1 minuto"},"schema":{"@context":"https:\/\/schema.org","@graph":[{"@type":"WebPage","@id":"https:\/\/nahuelproducciones.com.ar\/radioquijano\/campo-quijano-fue-condenado-por-un-homicidio-preterintencional\/","url":"https:\/\/nahuelproducciones.com.ar\/radioquijano\/campo-quijano-fue-condenado-por-un-homicidio-preterintencional\/","name":"Campo Quijano: Fue condenado por un homicidio preterintencional - RQ 99.9","isPartOf":{"@id":"https:\/\/nahuelproducciones.com.ar\/radioquijano\/#website"},"datePublished":"2025-03-26T03:07:15+00:00","dateModified":"2025-03-26T03:08:24+00:00","author":{"@id":"https:\/\/nahuelproducciones.com.ar\/radioquijano\/#\/schema\/person\/b9b81a110cbdf07949e2cd02d478ab9d"},"breadcrumb":{"@id":"https:\/\/nahuelproducciones.com.ar\/radioquijano\/campo-quijano-fue-condenado-por-un-homicidio-preterintencional\/#breadcrumb"},"inLanguage":"es","potentialAction":[{"@type":"ReadAction","target":["https:\/\/nahuelproducciones.com.ar\/radioquijano\/campo-quijano-fue-condenado-por-un-homicidio-preterintencional\/"]}]},{"@type":"BreadcrumbList","@id":"https:\/\/nahuelproducciones.com.ar\/radioquijano\/campo-quijano-fue-condenado-por-un-homicidio-preterintencional\/#breadcrumb","itemListElement":[{"@type":"ListItem","position":1,"name":"Portada","item":"https:\/\/nahuelproducciones.com.ar\/radioquijano\/"},{"@type":"ListItem","position":2,"name":"Campo Quijano: Fue condenado por un homicidio preterintencional"}]},{"@type":"WebSite","@id":"https:\/\/nahuelproducciones.com.ar\/radioquijano\/#website","url":"https:\/\/nahuelproducciones.com.ar\/radioquijano\/","name":"RQ 99.9","description":"Radio Quijano 99.9 MHz","potentialAction":[{"@type":"SearchAction","target":{"@type":"EntryPoint","urlTemplate":"https:\/\/nahuelproducciones.com.ar\/radioquijano\/?s={search_term_string}"},"query-input":"required name=search_term_string"}],"inLanguage":"es"},{"@type":"Person","@id":"https:\/\/nahuelproducciones.com.ar\/radioquijano\/#\/schema\/person\/b9b81a110cbdf07949e2cd02d478ab9d","name":"Ricardo Guzman","image":{"@type":"ImageObject","inLanguage":"es","@id":"https:\/\/nahuelproducciones.com.ar\/radioquijano\/#\/schema\/person\/image\/","url":"https:\/\/secure.gravatar.com\/avatar\/a5d582deda251f95dc882b72fc6e7b4854f88bb25c3154519210afffa7d706e8?s=96&d=mm&r=g","contentUrl":"https:\/\/secure.gravatar.com\/avatar\/a5d582deda251f95dc882b72fc6e7b4854f88bb25c3154519210afffa7d706e8?s=96&d=mm&r=g","caption":"Ricardo Guzman"},"url":"https:\/\/nahuelproducciones.com.ar\/radioquijano\/author\/cady\/"}]}},"_links":{"self":[{"href":"https:\/\/nahuelproducciones.com.ar\/radioquijano\/wp-json\/wp\/v2\/posts\/9883","targetHints":{"allow":["GET"]}}],"collection":[{"href":"https:\/\/nahuelproducciones.com.ar\/radioquijano\/wp-json\/wp\/v2\/posts"}],"about":[{"href":"https:\/\/nahuelproducciones.com.ar\/radioquijano\/wp-json\/wp\/v2\/types\/post"}],"author":[{"embeddable":true,"href":"https:\/\/nahuelproducciones.com.ar\/radioquijano\/wp-json\/wp\/v2\/users\/6"}],"replies":[{"embeddable":true,"href":"https:\/\/nahuelproducciones.com.ar\/radioquijano\/wp-json\/wp\/v2\/comments?post=9883"}],"version-history":[{"count":1,"href":"https:\/\/nahuelproducciones.com.ar\/radioquijano\/wp-json\/wp\/v2\/posts\/9883\/revisions"}],"predecessor-version":[{"id":9884,"href":"https:\/\/nahuelproducciones.com.ar\/radioquijano\/wp-json\/wp\/v2\/posts\/9883\/revisions\/9884"}],"wp:featuredmedia":[{"embeddable":true,"href":"https:\/\/nahuelproducciones.com.ar\/radioquijano\/wp-json\/wp\/v2\/media\/9885"}],"wp:attachment":[{"href":"https:\/\/nahuelproducciones.com.ar\/radioquijano\/wp-json\/wp\/v2\/media?parent=9883"}],"wp:term":[{"taxonomy":"category","embeddable":true,"href":"https:\/\/nahuelproducciones.com.ar\/radioquijano\/wp-json\/wp\/v2\/categories?post=9883"},{"taxonomy":"post_tag","embeddable":true,"href":"https:\/\/nahuelproducciones.com.ar\/radioquijano\/wp-json\/wp\/v2\/tags?post=9883"}],"curies":[{"name":"wp","href":"https:\/\/api.w.org\/{rel}","templated":true}]}}