{"id":9893,"date":"2025-04-02T00:31:27","date_gmt":"2025-04-02T03:31:27","guid":{"rendered":"https:\/\/nahuelproducciones.com.ar\/radioquijano\/?p=9893"},"modified":"2025-04-02T00:47:50","modified_gmt":"2025-04-02T03:47:50","slug":"2-de-abril-dia-de-los-veteranos-y-caidos-en-malvinas","status":"publish","type":"post","link":"https:\/\/nahuelproducciones.com.ar\/radioquijano\/2-de-abril-dia-de-los-veteranos-y-caidos-en-malvinas\/","title":{"rendered":"2 de Abril : \u00abD\u00eda de los veteranos y caidos en Malvinas\u00bb"},"content":{"rendered":"\n<p>Hoy, 2 de abril, el pueblo argentino conmemora el D\u00eda del Veterano y de los Ca\u00eddos en la Guerra de Malvinas. <\/p>\n\n\n\n<p>Una fecha cargada de memoria, respeto y reivindicaci\u00f3n. Han pasado 43 a\u00f1os desde aquel 2 de abril de 1982, cuando la dictadura c\u00edvico-militar inici\u00f3 el desembarco de tropas en nuestras islas Malvinas, usurpadas por Inglaterra desde 1833. <\/p>\n\n\n\n<p>Un hecho que despert\u00f3 en muchos argentinos un sentimiento profundo de soberan\u00eda y orgullo, pero que tambi\u00e9n ocultaba las sombras de un r\u00e9gimen que llevaba al pa\u00eds a la crisis social, pol\u00edtica y econ\u00f3mica m\u00e1s grave de su historia.<\/p>\n\n\n\n<p>Hoy rendimos homenaje a los 649 soldados argentinos que dieron su vida en combate, a los h\u00e9roes que volvieron y a quienes, en silencio, siguieron luchando con las heridas invisibles de la guerra. Tambi\u00e9n recordamos a los 255 brit\u00e1nicos y 3 civiles isle\u00f1os que perdieron la vida en un conflicto que dej\u00f3 marcas imborrables.<\/p>\n\n\n\n<p>La guerra termin\u00f3 el 14 de junio de 1982 con la rendici\u00f3n argentina, pero la lucha por la memoria, la verdad y la soberan\u00eda contin\u00faa. <\/p>\n\n\n\n<p>Como cada a\u00f1o, esta fecha nos convoca a reflexionar sobre la historia, sobre el reclamo leg\u00edtimo de nuestro pa\u00eds y sobre el compromiso de las nuevas generaciones con la causa Malvinas.<\/p>\n\n\n\n<p>Hoy, en Campo Quijano, nos honra la presencia de un verdadero h\u00e9roe de Malvinas: Oscar Ismael Poltronieri. Soldado condecorado por su valent\u00eda y entrega en combate, un hombre que representa el coraje de quienes defendieron nuestra patria con el coraz\u00f3n y el honor. <\/p>\n\n\n\n<p>Su presencia nos recuerda que el hero\u00edsmo no solo se mide en el campo de batalla, sino tambi\u00e9n en la lucha diaria por la memoria y el reconocimiento.<\/p>\n\n\n\n<p>Desde Radio Quijano, alzamos nuestra voz para reafirmar nuestro compromiso con la historia y con la soberan\u00eda. Malvinas es y ser\u00e1 siempre una causa de todos. Hoy y siempre, honramos a nuestros veteranos y a los ca\u00eddos con el respeto que merecen.<\/p>\n\n\n\n<p>\u00a1Honor y gloria a los h\u00e9roes de Malvinas! \u00a1Viva la Patria!<\/p>\n\n\n\n<figure class=\"wp-block-gallery has-nested-images columns-default is-cropped wp-block-gallery-1 is-layout-flex wp-block-gallery-is-layout-flex\">\n<figure class=\"wp-block-image size-large\"><img loading=\"lazy\" decoding=\"async\" width=\"1024\" height=\"622\" data-id=\"9895\" src=\"https:\/\/nahuelproducciones.com.ar\/radioquijano\/wp-content\/uploads\/2025\/04\/Screenshot_20250402-000649_WhatsApp-1024x622.jpg\" alt=\"\" class=\"wp-image-9895\" srcset=\"https:\/\/nahuelproducciones.com.ar\/radioquijano\/wp-content\/uploads\/2025\/04\/Screenshot_20250402-000649_WhatsApp-1024x622.jpg 1024w, https:\/\/nahuelproducciones.com.ar\/radioquijano\/wp-content\/uploads\/2025\/04\/Screenshot_20250402-000649_WhatsApp-300x182.jpg 300w, https:\/\/nahuelproducciones.com.ar\/radioquijano\/wp-content\/uploads\/2025\/04\/Screenshot_20250402-000649_WhatsApp-768x467.jpg 768w, https:\/\/nahuelproducciones.com.ar\/radioquijano\/wp-content\/uploads\/2025\/04\/Screenshot_20250402-000649_WhatsApp-1536x934.jpg 1536w, https:\/\/nahuelproducciones.com.ar\/radioquijano\/wp-content\/uploads\/2025\/04\/Screenshot_20250402-000649_WhatsApp-150x91.jpg 150w, https:\/\/nahuelproducciones.com.ar\/radioquijano\/wp-content\/uploads\/2025\/04\/Screenshot_20250402-000649_WhatsApp.jpg 1777w\" sizes=\"auto, (max-width: 1024px) 100vw, 1024px\" \/><\/figure>\n\n\n\n<figure class=\"wp-block-image size-large\"><img loading=\"lazy\" decoding=\"async\" width=\"553\" height=\"1024\" data-id=\"9896\" src=\"https:\/\/nahuelproducciones.com.ar\/radioquijano\/wp-content\/uploads\/2025\/04\/Screenshot_20250330-131614_WhatsApp-553x1024.jpg\" alt=\"\" class=\"wp-image-9896\" srcset=\"https:\/\/nahuelproducciones.com.ar\/radioquijano\/wp-content\/uploads\/2025\/04\/Screenshot_20250330-131614_WhatsApp-553x1024.jpg 553w, https:\/\/nahuelproducciones.com.ar\/radioquijano\/wp-content\/uploads\/2025\/04\/Screenshot_20250330-131614_WhatsApp-162x300.jpg 162w, https:\/\/nahuelproducciones.com.ar\/radioquijano\/wp-content\/uploads\/2025\/04\/Screenshot_20250330-131614_WhatsApp-768x1422.jpg 768w, https:\/\/nahuelproducciones.com.ar\/radioquijano\/wp-content\/uploads\/2025\/04\/Screenshot_20250330-131614_WhatsApp-830x1536.jpg 830w, https:\/\/nahuelproducciones.com.ar\/radioquijano\/wp-content\/uploads\/2025\/04\/Screenshot_20250330-131614_WhatsApp-150x278.jpg 150w, https:\/\/nahuelproducciones.com.ar\/radioquijano\/wp-content\/uploads\/2025\/04\/Screenshot_20250330-131614_WhatsApp.jpg 1080w\" sizes=\"auto, (max-width: 553px) 100vw, 553px\" \/><\/figure>\n<\/figure>\n\n\n<div class=\"wp-block-image\">\n<figure class=\"aligncenter size-large\"><img loading=\"lazy\" decoding=\"async\" width=\"677\" height=\"1024\" src=\"https:\/\/nahuelproducciones.com.ar\/radioquijano\/wp-content\/uploads\/2025\/04\/Screenshot_20250402_003619-677x1024.jpg\" alt=\"\" class=\"wp-image-9900\" srcset=\"https:\/\/nahuelproducciones.com.ar\/radioquijano\/wp-content\/uploads\/2025\/04\/Screenshot_20250402_003619-677x1024.jpg 677w, https:\/\/nahuelproducciones.com.ar\/radioquijano\/wp-content\/uploads\/2025\/04\/Screenshot_20250402_003619-198x300.jpg 198w, https:\/\/nahuelproducciones.com.ar\/radioquijano\/wp-content\/uploads\/2025\/04\/Screenshot_20250402_003619-768x1162.jpg 768w, https:\/\/nahuelproducciones.com.ar\/radioquijano\/wp-content\/uploads\/2025\/04\/Screenshot_20250402_003619-150x227.jpg 150w, https:\/\/nahuelproducciones.com.ar\/radioquijano\/wp-content\/uploads\/2025\/04\/Screenshot_20250402_003619.jpg 928w\" sizes=\"auto, (max-width: 677px) 100vw, 677px\" \/><\/figure><\/div>\n\n\n<p><\/p>\n\n\n\n<p><\/p>\n\n\n\n<p><\/p>\n","protected":false},"excerpt":{"rendered":"<p>Hoy, 2 de abril, el pueblo argentino conmemora el D\u00eda del Veterano y de los Ca\u00eddos en la Guerra de Malvinas. Una fecha cargada de memoria, respeto y reivindicaci\u00f3n. Han pasado 43 a\u00f1os desde aquel 2 de abril de 1982, cuando la dictadura c\u00edvico-militar inici\u00f3 el desembarco de tropas en nuestras islas Malvinas, usurpadas por [&hellip;]<\/p>\n","protected":false},"author":8,"featured_media":9894,"comment_status":"open","ping_status":"open","sticky":false,"template":"","format":"standard","meta":{"_monsterinsights_skip_tracking":false,"_monsterinsights_sitenote_active":false,"_monsterinsights_sitenote_note":"","_monsterinsights_sitenote_category":0,"footnotes":""},"categories":[16],"tags":[396,100],"class_list":["post-9893","post","type-post","status-publish","format-standard","has-post-thumbnail","hentry","category-noticias","tag-malvinas-argentinas","tag-municipio-de-campo-quijano"],"yoast_head":"<!-- This site is optimized with the Yoast SEO plugin v20.8 - https:\/\/yoast.com\/wordpress\/plugins\/seo\/ -->\n<title>2 de Abril : &quot;D\u00eda de los veteranos y caidos en Malvinas&quot; - RQ 99.9<\/title>\n<meta name=\"description\" content=\"\u00a1\u00a1\u00a1Honor y gloria a los h\u00e9roes de Malvinas! \u00a1Viva la Patria!!!\" \/>\n<meta name=\"robots\" content=\"index, follow, max-snippet:-1, max-image-preview:large, max-video-preview:-1\" \/>\n<link rel=\"canonical\" href=\"https:\/\/nahuelproducciones.com.ar\/radioquijano\/2-de-abril-dia-de-los-veteranos-y-caidos-en-malvinas\/\" \/>\n<meta property=\"og:locale\" content=\"es_ES\" \/>\n<meta property=\"og:type\" content=\"article\" \/>\n<meta property=\"og:title\" content=\"2 de Abril : &quot;D\u00eda de los veteranos y caidos en Malvinas&quot; - RQ 99.9\" \/>\n<meta property=\"og:description\" content=\"\u00a1\u00a1\u00a1Honor y gloria a los h\u00e9roes de Malvinas! \u00a1Viva la Patria!!!\" \/>\n<meta property=\"og:url\" content=\"https:\/\/nahuelproducciones.com.ar\/radioquijano\/2-de-abril-dia-de-los-veteranos-y-caidos-en-malvinas\/\" \/>\n<meta property=\"og:site_name\" content=\"RQ 99.9\" \/>\n<meta property=\"article:publisher\" content=\"https:\/\/www.facebook.com\/nahuelproducciones999\/\" \/>\n<meta property=\"article:published_time\" content=\"2025-04-02T03:31:27+00:00\" \/>\n<meta property=\"article:modified_time\" content=\"2025-04-02T03:47:50+00:00\" \/>\n<meta property=\"og:image\" content=\"https:\/\/nahuelproducciones.com.ar\/radioquijano\/wp-content\/uploads\/2025\/04\/unnamed.jpg\" \/>\n\t<meta property=\"og:image:width\" content=\"512\" \/>\n\t<meta property=\"og:image:height\" content=\"382\" \/>\n\t<meta property=\"og:image:type\" content=\"image\/jpeg\" \/>\n<meta name=\"author\" content=\"Cecilia Pastrana\" \/>\n<meta name=\"twitter:card\" content=\"summary_large_image\" \/>\n<meta name=\"twitter:creator\" content=\"@nahuproduciones\" \/>\n<meta name=\"twitter:site\" content=\"@nahuproduciones\" \/>\n<meta name=\"twitter:label1\" content=\"Escrito por\" \/>\n\t<meta name=\"twitter:data1\" content=\"Cecilia Pastrana\" \/>\n\t<meta name=\"twitter:label2\" content=\"Tiempo de lectura\" \/>\n\t<meta name=\"twitter:data2\" content=\"3 minutos\" \/>\n<script type=\"application\/ld+json\" class=\"yoast-schema-graph\">{\"@context\":\"https:\/\/schema.org\",\"@graph\":[{\"@type\":\"WebPage\",\"@id\":\"https:\/\/nahuelproducciones.com.ar\/radioquijano\/2-de-abril-dia-de-los-veteranos-y-caidos-en-malvinas\/\",\"url\":\"https:\/\/nahuelproducciones.com.ar\/radioquijano\/2-de-abril-dia-de-los-veteranos-y-caidos-en-malvinas\/\",\"name\":\"2 de Abril : \\\"D\u00eda de los veteranos y caidos en Malvinas\\\" - RQ 99.9\",\"isPartOf\":{\"@id\":\"https:\/\/nahuelproducciones.com.ar\/radioquijano\/#website\"},\"datePublished\":\"2025-04-02T03:31:27+00:00\",\"dateModified\":\"2025-04-02T03:47:50+00:00\",\"author\":{\"@id\":\"https:\/\/nahuelproducciones.com.ar\/radioquijano\/#\/schema\/person\/e8a4f939e2cb487fe6d0c54042c9d32c\"},\"description\":\"\u00a1\u00a1\u00a1Honor y gloria a los h\u00e9roes de Malvinas! \u00a1Viva la Patria!!!\",\"breadcrumb\":{\"@id\":\"https:\/\/nahuelproducciones.com.ar\/radioquijano\/2-de-abril-dia-de-los-veteranos-y-caidos-en-malvinas\/#breadcrumb\"},\"inLanguage\":\"es\",\"potentialAction\":[{\"@type\":\"ReadAction\",\"target\":[\"https:\/\/nahuelproducciones.com.ar\/radioquijano\/2-de-abril-dia-de-los-veteranos-y-caidos-en-malvinas\/\"]}]},{\"@type\":\"BreadcrumbList\",\"@id\":\"https:\/\/nahuelproducciones.com.ar\/radioquijano\/2-de-abril-dia-de-los-veteranos-y-caidos-en-malvinas\/#breadcrumb\",\"itemListElement\":[{\"@type\":\"ListItem\",\"position\":1,\"name\":\"Portada\",\"item\":\"https:\/\/nahuelproducciones.com.ar\/radioquijano\/\"},{\"@type\":\"ListItem\",\"position\":2,\"name\":\"2 de Abril : &#8220;D\u00eda de los veteranos y caidos en Malvinas&#8221;\"}]},{\"@type\":\"WebSite\",\"@id\":\"https:\/\/nahuelproducciones.com.ar\/radioquijano\/#website\",\"url\":\"https:\/\/nahuelproducciones.com.ar\/radioquijano\/\",\"name\":\"RQ 99.9\",\"description\":\"Radio Quijano 99.9 MHz\",\"potentialAction\":[{\"@type\":\"SearchAction\",\"target\":{\"@type\":\"EntryPoint\",\"urlTemplate\":\"https:\/\/nahuelproducciones.com.ar\/radioquijano\/?s={search_term_string}\"},\"query-input\":\"required name=search_term_string\"}],\"inLanguage\":\"es\"},{\"@type\":\"Person\",\"@id\":\"https:\/\/nahuelproducciones.com.ar\/radioquijano\/#\/schema\/person\/e8a4f939e2cb487fe6d0c54042c9d32c\",\"name\":\"Cecilia Pastrana\",\"image\":{\"@type\":\"ImageObject\",\"inLanguage\":\"es\",\"@id\":\"https:\/\/nahuelproducciones.com.ar\/radioquijano\/#\/schema\/person\/image\/\",\"url\":\"https:\/\/secure.gravatar.com\/avatar\/661a3ef63a8488d4f2794ed44af8cf71420f7e106f3072c40125114df5157749?s=96&d=mm&r=g\",\"contentUrl\":\"https:\/\/secure.gravatar.com\/avatar\/661a3ef63a8488d4f2794ed44af8cf71420f7e106f3072c40125114df5157749?s=96&d=mm&r=g\",\"caption\":\"Cecilia Pastrana\"},\"sameAs\":[\"cecy\"],\"url\":\"https:\/\/nahuelproducciones.com.ar\/radioquijano\/author\/cecy\/\"}]}<\/script>\n<!-- \/ Yoast SEO plugin. -->","yoast_head_json":{"title":"2 de Abril : \"D\u00eda de los veteranos y caidos en Malvinas\" - RQ 99.9","description":"\u00a1\u00a1\u00a1Honor y gloria a los h\u00e9roes de Malvinas! \u00a1Viva la Patria!!!","robots":{"index":"index","follow":"follow","max-snippet":"max-snippet:-1","max-image-preview":"max-image-preview:large","max-video-preview":"max-video-preview:-1"},"canonical":"https:\/\/nahuelproducciones.com.ar\/radioquijano\/2-de-abril-dia-de-los-veteranos-y-caidos-en-malvinas\/","og_locale":"es_ES","og_type":"article","og_title":"2 de Abril : \"D\u00eda de los veteranos y caidos en Malvinas\" - RQ 99.9","og_description":"\u00a1\u00a1\u00a1Honor y gloria a los h\u00e9roes de Malvinas! \u00a1Viva la Patria!!!","og_url":"https:\/\/nahuelproducciones.com.ar\/radioquijano\/2-de-abril-dia-de-los-veteranos-y-caidos-en-malvinas\/","og_site_name":"RQ 99.9","article_publisher":"https:\/\/www.facebook.com\/nahuelproducciones999\/","article_published_time":"2025-04-02T03:31:27+00:00","article_modified_time":"2025-04-02T03:47:50+00:00","og_image":[{"width":512,"height":382,"url":"https:\/\/nahuelproducciones.com.ar\/radioquijano\/wp-content\/uploads\/2025\/04\/unnamed.jpg","type":"image\/jpeg"}],"author":"Cecilia Pastrana","twitter_card":"summary_large_image","twitter_creator":"@nahuproduciones","twitter_site":"@nahuproduciones","twitter_misc":{"Escrito por":"Cecilia Pastrana","Tiempo de lectura":"3 minutos"},"schema":{"@context":"https:\/\/schema.org","@graph":[{"@type":"WebPage","@id":"https:\/\/nahuelproducciones.com.ar\/radioquijano\/2-de-abril-dia-de-los-veteranos-y-caidos-en-malvinas\/","url":"https:\/\/nahuelproducciones.com.ar\/radioquijano\/2-de-abril-dia-de-los-veteranos-y-caidos-en-malvinas\/","name":"2 de Abril : \"D\u00eda de los veteranos y caidos en Malvinas\" - RQ 99.9","isPartOf":{"@id":"https:\/\/nahuelproducciones.com.ar\/radioquijano\/#website"},"datePublished":"2025-04-02T03:31:27+00:00","dateModified":"2025-04-02T03:47:50+00:00","author":{"@id":"https:\/\/nahuelproducciones.com.ar\/radioquijano\/#\/schema\/person\/e8a4f939e2cb487fe6d0c54042c9d32c"},"description":"\u00a1\u00a1\u00a1Honor y gloria a los h\u00e9roes de Malvinas! \u00a1Viva la Patria!!!","breadcrumb":{"@id":"https:\/\/nahuelproducciones.com.ar\/radioquijano\/2-de-abril-dia-de-los-veteranos-y-caidos-en-malvinas\/#breadcrumb"},"inLanguage":"es","potentialAction":[{"@type":"ReadAction","target":["https:\/\/nahuelproducciones.com.ar\/radioquijano\/2-de-abril-dia-de-los-veteranos-y-caidos-en-malvinas\/"]}]},{"@type":"BreadcrumbList","@id":"https:\/\/nahuelproducciones.com.ar\/radioquijano\/2-de-abril-dia-de-los-veteranos-y-caidos-en-malvinas\/#breadcrumb","itemListElement":[{"@type":"ListItem","position":1,"name":"Portada","item":"https:\/\/nahuelproducciones.com.ar\/radioquijano\/"},{"@type":"ListItem","position":2,"name":"2 de Abril : &#8220;D\u00eda de los veteranos y caidos en Malvinas&#8221;"}]},{"@type":"WebSite","@id":"https:\/\/nahuelproducciones.com.ar\/radioquijano\/#website","url":"https:\/\/nahuelproducciones.com.ar\/radioquijano\/","name":"RQ 99.9","description":"Radio Quijano 99.9 MHz","potentialAction":[{"@type":"SearchAction","target":{"@type":"EntryPoint","urlTemplate":"https:\/\/nahuelproducciones.com.ar\/radioquijano\/?s={search_term_string}"},"query-input":"required name=search_term_string"}],"inLanguage":"es"},{"@type":"Person","@id":"https:\/\/nahuelproducciones.com.ar\/radioquijano\/#\/schema\/person\/e8a4f939e2cb487fe6d0c54042c9d32c","name":"Cecilia Pastrana","image":{"@type":"ImageObject","inLanguage":"es","@id":"https:\/\/nahuelproducciones.com.ar\/radioquijano\/#\/schema\/person\/image\/","url":"https:\/\/secure.gravatar.com\/avatar\/661a3ef63a8488d4f2794ed44af8cf71420f7e106f3072c40125114df5157749?s=96&d=mm&r=g","contentUrl":"https:\/\/secure.gravatar.com\/avatar\/661a3ef63a8488d4f2794ed44af8cf71420f7e106f3072c40125114df5157749?s=96&d=mm&r=g","caption":"Cecilia Pastrana"},"sameAs":["cecy"],"url":"https:\/\/nahuelproducciones.com.ar\/radioquijano\/author\/cecy\/"}]}},"_links":{"self":[{"href":"https:\/\/nahuelproducciones.com.ar\/radioquijano\/wp-json\/wp\/v2\/posts\/9893","targetHints":{"allow":["GET"]}}],"collection":[{"href":"https:\/\/nahuelproducciones.com.ar\/radioquijano\/wp-json\/wp\/v2\/posts"}],"about":[{"href":"https:\/\/nahuelproducciones.com.ar\/radioquijano\/wp-json\/wp\/v2\/types\/post"}],"author":[{"embeddable":true,"href":"https:\/\/nahuelproducciones.com.ar\/radioquijano\/wp-json\/wp\/v2\/users\/8"}],"replies":[{"embeddable":true,"href":"https:\/\/nahuelproducciones.com.ar\/radioquijano\/wp-json\/wp\/v2\/comments?post=9893"}],"version-history":[{"count":3,"href":"https:\/\/nahuelproducciones.com.ar\/radioquijano\/wp-json\/wp\/v2\/posts\/9893\/revisions"}],"predecessor-version":[{"id":9901,"href":"https:\/\/nahuelproducciones.com.ar\/radioquijano\/wp-json\/wp\/v2\/posts\/9893\/revisions\/9901"}],"wp:featuredmedia":[{"embeddable":true,"href":"https:\/\/nahuelproducciones.com.ar\/radioquijano\/wp-json\/wp\/v2\/media\/9894"}],"wp:attachment":[{"href":"https:\/\/nahuelproducciones.com.ar\/radioquijano\/wp-json\/wp\/v2\/media?parent=9893"}],"wp:term":[{"taxonomy":"category","embeddable":true,"href":"https:\/\/nahuelproducciones.com.ar\/radioquijano\/wp-json\/wp\/v2\/categories?post=9893"},{"taxonomy":"post_tag","embeddable":true,"href":"https:\/\/nahuelproducciones.com.ar\/radioquijano\/wp-json\/wp\/v2\/tags?post=9893"}],"curies":[{"name":"wp","href":"https:\/\/api.w.org\/{rel}","templated":true}]}}