{"id":9905,"date":"2025-04-04T10:58:45","date_gmt":"2025-04-04T13:58:45","guid":{"rendered":"https:\/\/nahuelproducciones.com.ar\/radioquijano\/?p=9905"},"modified":"2025-04-04T10:58:46","modified_gmt":"2025-04-04T13:58:46","slug":"4to-concurso-de-la-empanada-saltena","status":"publish","type":"post","link":"https:\/\/nahuelproducciones.com.ar\/radioquijano\/4to-concurso-de-la-empanada-saltena\/","title":{"rendered":"4to Concurso de la Empanada Salte\u00f1a"},"content":{"rendered":"\n<p>En el marco de la Semana de la Empanada, 39 representantes de los municipios de Salta se reunir\u00e1n para poner en valor el sabor, la historia y la tradici\u00f3n de nuestra empanada.<\/p>\n\n\n\n<p>La ordenanza municipal N\u00ba 7117 de Salta instituy\u00f3 el D\u00eda de la Empanada, que se celebra el 4 de abril.<\/p>\n\n\n\n<p>Esta celebraci\u00f3n busca resaltar el significado cultural de la empanada como un alimento que re\u00fane a las familias y amigos.<\/p>\n\n\n\n<p>Esta fecha conmemora una de las tradiciones gastron\u00f3micas m\u00e1s queridas de la provincia.<\/p>\n\n\n\n<p>La <a><\/a>empanada salte\u00f1a es un manjar que identifica a Salta y cautiva a paladares exigentes.<\/p>\n\n\n\n<p>El D\u00eda de la Empanada Salte\u00f1a se celebra con el Concurso Provincial de la Empanada Salte\u00f1a.<\/p>\n\n\n\n<p>Los ganadores del concurso son embajadores de la empanada salte\u00f1a, lo que les permite difundir esta tradici\u00f3n culinaria.<\/p>\n\n\n\n<p>A las 13 se conoce qui\u00e9n gana el Concurso Provincial de la Empanada. Apoy\u00e1 a tu participante favorito.<\/p>\n\n\n\n<p>\u00a1No te pierdas la oportunidad de apoyar a tu municipio y de vivir una experiencia \u00fanica!<\/p>\n","protected":false},"excerpt":{"rendered":"<p>En el marco de la Semana de la Empanada, 39 representantes de los municipios de Salta se reunir\u00e1n para poner en valor el sabor, la historia y la tradici\u00f3n de nuestra empanada. La ordenanza municipal N\u00ba 7117 de Salta instituy\u00f3 el D\u00eda de la Empanada, que se celebra el 4 de abril. Esta celebraci\u00f3n busca [&hellip;]<\/p>\n","protected":false},"author":8,"featured_media":9906,"comment_status":"open","ping_status":"open","sticky":false,"template":"","format":"standard","meta":{"_monsterinsights_skip_tracking":false,"_monsterinsights_sitenote_active":false,"_monsterinsights_sitenote_note":"","_monsterinsights_sitenote_category":0,"footnotes":""},"categories":[16],"tags":[1752,100],"class_list":["post-9905","post","type-post","status-publish","format-standard","has-post-thumbnail","hentry","category-noticias","tag-dia-de-la-empanada-saltena","tag-municipio-de-campo-quijano"],"yoast_head":"<!-- This site is optimized with the Yoast SEO plugin v20.8 - https:\/\/yoast.com\/wordpress\/plugins\/seo\/ -->\n<title>4to Concurso de la Empanada Salte\u00f1a - RQ 99.9<\/title>\n<meta name=\"description\" content=\"A las 13 se conoce qui\u00e9n gana el Concurso Provincial de la Empanada\" \/>\n<meta name=\"robots\" content=\"index, follow, max-snippet:-1, max-image-preview:large, max-video-preview:-1\" \/>\n<link rel=\"canonical\" href=\"https:\/\/nahuelproducciones.com.ar\/radioquijano\/4to-concurso-de-la-empanada-saltena\/\" \/>\n<meta property=\"og:locale\" content=\"es_ES\" \/>\n<meta property=\"og:type\" content=\"article\" \/>\n<meta property=\"og:title\" content=\"4to Concurso de la Empanada Salte\u00f1a - RQ 99.9\" \/>\n<meta property=\"og:description\" content=\"A las 13 se conoce qui\u00e9n gana el Concurso Provincial de la Empanada\" \/>\n<meta property=\"og:url\" content=\"https:\/\/nahuelproducciones.com.ar\/radioquijano\/4to-concurso-de-la-empanada-saltena\/\" \/>\n<meta property=\"og:site_name\" content=\"RQ 99.9\" \/>\n<meta property=\"article:publisher\" content=\"https:\/\/www.facebook.com\/nahuelproducciones999\/\" \/>\n<meta property=\"article:published_time\" content=\"2025-04-04T13:58:45+00:00\" \/>\n<meta property=\"article:modified_time\" content=\"2025-04-04T13:58:46+00:00\" \/>\n<meta property=\"og:image\" content=\"https:\/\/nahuelproducciones.com.ar\/radioquijano\/wp-content\/uploads\/2025\/04\/487858407_981842844070867_7578326511816234270_n-e1743775098977.jpg\" \/>\n\t<meta property=\"og:image:width\" content=\"700\" \/>\n\t<meta property=\"og:image:height\" content=\"700\" \/>\n\t<meta property=\"og:image:type\" content=\"image\/jpeg\" \/>\n<meta name=\"author\" content=\"Cecilia Pastrana\" \/>\n<meta name=\"twitter:card\" content=\"summary_large_image\" \/>\n<meta name=\"twitter:creator\" content=\"@nahuproduciones\" \/>\n<meta name=\"twitter:site\" content=\"@nahuproduciones\" \/>\n<meta name=\"twitter:label1\" content=\"Escrito por\" \/>\n\t<meta name=\"twitter:data1\" content=\"Cecilia Pastrana\" \/>\n\t<meta name=\"twitter:label2\" content=\"Tiempo de lectura\" \/>\n\t<meta name=\"twitter:data2\" content=\"1 minuto\" \/>\n<script type=\"application\/ld+json\" class=\"yoast-schema-graph\">{\"@context\":\"https:\/\/schema.org\",\"@graph\":[{\"@type\":\"WebPage\",\"@id\":\"https:\/\/nahuelproducciones.com.ar\/radioquijano\/4to-concurso-de-la-empanada-saltena\/\",\"url\":\"https:\/\/nahuelproducciones.com.ar\/radioquijano\/4to-concurso-de-la-empanada-saltena\/\",\"name\":\"4to Concurso de la Empanada Salte\u00f1a - RQ 99.9\",\"isPartOf\":{\"@id\":\"https:\/\/nahuelproducciones.com.ar\/radioquijano\/#website\"},\"datePublished\":\"2025-04-04T13:58:45+00:00\",\"dateModified\":\"2025-04-04T13:58:46+00:00\",\"author\":{\"@id\":\"https:\/\/nahuelproducciones.com.ar\/radioquijano\/#\/schema\/person\/e8a4f939e2cb487fe6d0c54042c9d32c\"},\"description\":\"A las 13 se conoce qui\u00e9n gana el Concurso Provincial de la Empanada\",\"breadcrumb\":{\"@id\":\"https:\/\/nahuelproducciones.com.ar\/radioquijano\/4to-concurso-de-la-empanada-saltena\/#breadcrumb\"},\"inLanguage\":\"es\",\"potentialAction\":[{\"@type\":\"ReadAction\",\"target\":[\"https:\/\/nahuelproducciones.com.ar\/radioquijano\/4to-concurso-de-la-empanada-saltena\/\"]}]},{\"@type\":\"BreadcrumbList\",\"@id\":\"https:\/\/nahuelproducciones.com.ar\/radioquijano\/4to-concurso-de-la-empanada-saltena\/#breadcrumb\",\"itemListElement\":[{\"@type\":\"ListItem\",\"position\":1,\"name\":\"Portada\",\"item\":\"https:\/\/nahuelproducciones.com.ar\/radioquijano\/\"},{\"@type\":\"ListItem\",\"position\":2,\"name\":\"4to Concurso de la Empanada Salte\u00f1a\"}]},{\"@type\":\"WebSite\",\"@id\":\"https:\/\/nahuelproducciones.com.ar\/radioquijano\/#website\",\"url\":\"https:\/\/nahuelproducciones.com.ar\/radioquijano\/\",\"name\":\"RQ 99.9\",\"description\":\"Radio Quijano 99.9 MHz\",\"potentialAction\":[{\"@type\":\"SearchAction\",\"target\":{\"@type\":\"EntryPoint\",\"urlTemplate\":\"https:\/\/nahuelproducciones.com.ar\/radioquijano\/?s={search_term_string}\"},\"query-input\":\"required name=search_term_string\"}],\"inLanguage\":\"es\"},{\"@type\":\"Person\",\"@id\":\"https:\/\/nahuelproducciones.com.ar\/radioquijano\/#\/schema\/person\/e8a4f939e2cb487fe6d0c54042c9d32c\",\"name\":\"Cecilia Pastrana\",\"image\":{\"@type\":\"ImageObject\",\"inLanguage\":\"es\",\"@id\":\"https:\/\/nahuelproducciones.com.ar\/radioquijano\/#\/schema\/person\/image\/\",\"url\":\"https:\/\/secure.gravatar.com\/avatar\/661a3ef63a8488d4f2794ed44af8cf71420f7e106f3072c40125114df5157749?s=96&d=mm&r=g\",\"contentUrl\":\"https:\/\/secure.gravatar.com\/avatar\/661a3ef63a8488d4f2794ed44af8cf71420f7e106f3072c40125114df5157749?s=96&d=mm&r=g\",\"caption\":\"Cecilia Pastrana\"},\"sameAs\":[\"cecy\"],\"url\":\"https:\/\/nahuelproducciones.com.ar\/radioquijano\/author\/cecy\/\"}]}<\/script>\n<!-- \/ Yoast SEO plugin. -->","yoast_head_json":{"title":"4to Concurso de la Empanada Salte\u00f1a - RQ 99.9","description":"A las 13 se conoce qui\u00e9n gana el Concurso Provincial de la Empanada","robots":{"index":"index","follow":"follow","max-snippet":"max-snippet:-1","max-image-preview":"max-image-preview:large","max-video-preview":"max-video-preview:-1"},"canonical":"https:\/\/nahuelproducciones.com.ar\/radioquijano\/4to-concurso-de-la-empanada-saltena\/","og_locale":"es_ES","og_type":"article","og_title":"4to Concurso de la Empanada Salte\u00f1a - RQ 99.9","og_description":"A las 13 se conoce qui\u00e9n gana el Concurso Provincial de la Empanada","og_url":"https:\/\/nahuelproducciones.com.ar\/radioquijano\/4to-concurso-de-la-empanada-saltena\/","og_site_name":"RQ 99.9","article_publisher":"https:\/\/www.facebook.com\/nahuelproducciones999\/","article_published_time":"2025-04-04T13:58:45+00:00","article_modified_time":"2025-04-04T13:58:46+00:00","og_image":[{"width":700,"height":700,"url":"https:\/\/nahuelproducciones.com.ar\/radioquijano\/wp-content\/uploads\/2025\/04\/487858407_981842844070867_7578326511816234270_n-e1743775098977.jpg","type":"image\/jpeg"}],"author":"Cecilia Pastrana","twitter_card":"summary_large_image","twitter_creator":"@nahuproduciones","twitter_site":"@nahuproduciones","twitter_misc":{"Escrito por":"Cecilia Pastrana","Tiempo de lectura":"1 minuto"},"schema":{"@context":"https:\/\/schema.org","@graph":[{"@type":"WebPage","@id":"https:\/\/nahuelproducciones.com.ar\/radioquijano\/4to-concurso-de-la-empanada-saltena\/","url":"https:\/\/nahuelproducciones.com.ar\/radioquijano\/4to-concurso-de-la-empanada-saltena\/","name":"4to Concurso de la Empanada Salte\u00f1a - RQ 99.9","isPartOf":{"@id":"https:\/\/nahuelproducciones.com.ar\/radioquijano\/#website"},"datePublished":"2025-04-04T13:58:45+00:00","dateModified":"2025-04-04T13:58:46+00:00","author":{"@id":"https:\/\/nahuelproducciones.com.ar\/radioquijano\/#\/schema\/person\/e8a4f939e2cb487fe6d0c54042c9d32c"},"description":"A las 13 se conoce qui\u00e9n gana el Concurso Provincial de la Empanada","breadcrumb":{"@id":"https:\/\/nahuelproducciones.com.ar\/radioquijano\/4to-concurso-de-la-empanada-saltena\/#breadcrumb"},"inLanguage":"es","potentialAction":[{"@type":"ReadAction","target":["https:\/\/nahuelproducciones.com.ar\/radioquijano\/4to-concurso-de-la-empanada-saltena\/"]}]},{"@type":"BreadcrumbList","@id":"https:\/\/nahuelproducciones.com.ar\/radioquijano\/4to-concurso-de-la-empanada-saltena\/#breadcrumb","itemListElement":[{"@type":"ListItem","position":1,"name":"Portada","item":"https:\/\/nahuelproducciones.com.ar\/radioquijano\/"},{"@type":"ListItem","position":2,"name":"4to Concurso de la Empanada Salte\u00f1a"}]},{"@type":"WebSite","@id":"https:\/\/nahuelproducciones.com.ar\/radioquijano\/#website","url":"https:\/\/nahuelproducciones.com.ar\/radioquijano\/","name":"RQ 99.9","description":"Radio Quijano 99.9 MHz","potentialAction":[{"@type":"SearchAction","target":{"@type":"EntryPoint","urlTemplate":"https:\/\/nahuelproducciones.com.ar\/radioquijano\/?s={search_term_string}"},"query-input":"required name=search_term_string"}],"inLanguage":"es"},{"@type":"Person","@id":"https:\/\/nahuelproducciones.com.ar\/radioquijano\/#\/schema\/person\/e8a4f939e2cb487fe6d0c54042c9d32c","name":"Cecilia Pastrana","image":{"@type":"ImageObject","inLanguage":"es","@id":"https:\/\/nahuelproducciones.com.ar\/radioquijano\/#\/schema\/person\/image\/","url":"https:\/\/secure.gravatar.com\/avatar\/661a3ef63a8488d4f2794ed44af8cf71420f7e106f3072c40125114df5157749?s=96&d=mm&r=g","contentUrl":"https:\/\/secure.gravatar.com\/avatar\/661a3ef63a8488d4f2794ed44af8cf71420f7e106f3072c40125114df5157749?s=96&d=mm&r=g","caption":"Cecilia Pastrana"},"sameAs":["cecy"],"url":"https:\/\/nahuelproducciones.com.ar\/radioquijano\/author\/cecy\/"}]}},"_links":{"self":[{"href":"https:\/\/nahuelproducciones.com.ar\/radioquijano\/wp-json\/wp\/v2\/posts\/9905","targetHints":{"allow":["GET"]}}],"collection":[{"href":"https:\/\/nahuelproducciones.com.ar\/radioquijano\/wp-json\/wp\/v2\/posts"}],"about":[{"href":"https:\/\/nahuelproducciones.com.ar\/radioquijano\/wp-json\/wp\/v2\/types\/post"}],"author":[{"embeddable":true,"href":"https:\/\/nahuelproducciones.com.ar\/radioquijano\/wp-json\/wp\/v2\/users\/8"}],"replies":[{"embeddable":true,"href":"https:\/\/nahuelproducciones.com.ar\/radioquijano\/wp-json\/wp\/v2\/comments?post=9905"}],"version-history":[{"count":1,"href":"https:\/\/nahuelproducciones.com.ar\/radioquijano\/wp-json\/wp\/v2\/posts\/9905\/revisions"}],"predecessor-version":[{"id":9907,"href":"https:\/\/nahuelproducciones.com.ar\/radioquijano\/wp-json\/wp\/v2\/posts\/9905\/revisions\/9907"}],"wp:featuredmedia":[{"embeddable":true,"href":"https:\/\/nahuelproducciones.com.ar\/radioquijano\/wp-json\/wp\/v2\/media\/9906"}],"wp:attachment":[{"href":"https:\/\/nahuelproducciones.com.ar\/radioquijano\/wp-json\/wp\/v2\/media?parent=9905"}],"wp:term":[{"taxonomy":"category","embeddable":true,"href":"https:\/\/nahuelproducciones.com.ar\/radioquijano\/wp-json\/wp\/v2\/categories?post=9905"},{"taxonomy":"post_tag","embeddable":true,"href":"https:\/\/nahuelproducciones.com.ar\/radioquijano\/wp-json\/wp\/v2\/tags?post=9905"}],"curies":[{"name":"wp","href":"https:\/\/api.w.org\/{rel}","templated":true}]}}