{"id":9911,"date":"2025-04-09T00:15:50","date_gmt":"2025-04-09T03:15:50","guid":{"rendered":"https:\/\/nahuelproducciones.com.ar\/radioquijano\/?p=9911"},"modified":"2025-04-09T00:15:57","modified_gmt":"2025-04-09T03:15:57","slug":"el-dr-eduardo-moreno-desmiente-informacion-viral-sobre-cuota-alimentaria-y-cuestiona-a-legisladores-del-departamento","status":"publish","type":"post","link":"https:\/\/nahuelproducciones.com.ar\/radioquijano\/el-dr-eduardo-moreno-desmiente-informacion-viral-sobre-cuota-alimentaria-y-cuestiona-a-legisladores-del-departamento\/","title":{"rendered":"El Dr. Eduardo Moreno desmiente informaci\u00f3n viral sobre cuota alimentaria y cuestiona a legisladores del departamento"},"content":{"rendered":"\n<p>En declaraciones brindadas a Radio Quijano, el Dr. Eduardo Moreno se refiri\u00f3 a la viralizaci\u00f3n de una informaci\u00f3n que lo se\u00f1ala como deudor de la manutenci\u00f3n de su hijo. Aclar\u00f3 que se trata de una publicaci\u00f3n antigua y que desde ese entonces ha cumplido con sus responsabilidades familiares. \u201cEs una situaci\u00f3n que ya fue resuelta. Hoy tengo una excelente relaci\u00f3n con mi hijo y con toda mi familia\u201d, afirm\u00f3.<\/p>\n\n\n\n<p>En ese sentido, solicit\u00f3 p\u00fablicamente a la Justicia que actualice la informaci\u00f3n publicada en sus sitios oficiales, ya que, seg\u00fan expres\u00f3, \u00abpodr\u00eda perjudicar su imagen personal y profesional\u00bb, sobre todo en el marco de su candidatura a senador.<\/p>\n\n\n\n<p>Durante la entrevista, Moreno tambi\u00e9n critic\u00f3 duramente la forma de hacer pol\u00edtica de la diputada Galleguillos, a quien acus\u00f3 de utilizar su situaci\u00f3n personal con fines electorales.<\/p>\n\n\n\n<p>El abogado y pol\u00edtico tambi\u00e9n se refiri\u00f3 a las acciones que viene realizando en diferentes barrios, como la entrega de pan casero a las familias m\u00e1s necesitadas. Adem\u00e1s, destac\u00f3 su reciente visita a comunidades de la Quebrada que sufrieron una cat\u00e1strofe clim\u00e1tica. \u201cFuimos a acompa\u00f1ar, a escuchar, y a poner nuestro granito de arena para aliviar tanto dolor\u201d, expres\u00f3.<\/p>\n\n\n\n<p>Finalmente, mostr\u00f3 su profunda molestia hacia los legisladores del departamento, a quienes acus\u00f3 de \u201cdesidia y falta de gesti\u00f3n\u201d. Hace tiempo que no se ocupan de los problemas reales de la gente. Es hora de trabajar con compromiso y cercan\u00eda, concluy\u00f3.<\/p>\n\n\n\n<p>Escucha la entrevista:<\/p>\n\n\n\n<figure class=\"wp-block-audio\"><audio controls src=\"https:\/\/nahuelproducciones.com.ar\/radioquijano\/wp-content\/uploads\/2025\/04\/28-03-2025-DR-EDUARDO-MORENO-TEMA-MANUTENCION-DESU-HIJO-1.mp3\"><\/audio><\/figure>\n","protected":false},"excerpt":{"rendered":"<p>En declaraciones brindadas a Radio Quijano, el Dr. Eduardo Moreno se refiri\u00f3 a la viralizaci\u00f3n de una informaci\u00f3n que lo se\u00f1ala como deudor de la manutenci\u00f3n de su hijo. Aclar\u00f3 que se trata de una publicaci\u00f3n antigua y que desde ese entonces ha cumplido con sus responsabilidades familiares. \u201cEs una situaci\u00f3n que ya fue resuelta. [&hellip;]<\/p>\n","protected":false},"author":8,"featured_media":9912,"comment_status":"open","ping_status":"open","sticky":false,"template":"","format":"standard","meta":{"_monsterinsights_skip_tracking":false,"_monsterinsights_sitenote_active":false,"_monsterinsights_sitenote_note":"","_monsterinsights_sitenote_category":0,"footnotes":""},"categories":[16],"tags":[1753,100,47],"class_list":["post-9911","post","type-post","status-publish","format-standard","has-post-thumbnail","hentry","category-noticias","tag-dr-eduardo-moreno","tag-municipio-de-campo-quijano","tag-rosario-de-lerma"],"yoast_head":"<!-- This site is optimized with the Yoast SEO plugin v20.8 - https:\/\/yoast.com\/wordpress\/plugins\/seo\/ -->\n<title>El Dr. Eduardo Moreno desmiente informaci\u00f3n viral sobre cuota alimentaria y cuestiona a legisladores del departamento - RQ 99.9<\/title>\n<meta name=\"description\" content=\"Es hora de trabajar con compromiso y cercan\u00eda.\" \/>\n<meta name=\"robots\" content=\"index, follow, max-snippet:-1, max-image-preview:large, max-video-preview:-1\" \/>\n<link rel=\"canonical\" href=\"https:\/\/nahuelproducciones.com.ar\/radioquijano\/el-dr-eduardo-moreno-desmiente-informacion-viral-sobre-cuota-alimentaria-y-cuestiona-a-legisladores-del-departamento\/\" \/>\n<meta property=\"og:locale\" content=\"es_ES\" \/>\n<meta property=\"og:type\" content=\"article\" \/>\n<meta property=\"og:title\" content=\"El Dr. Eduardo Moreno desmiente informaci\u00f3n viral sobre cuota alimentaria y cuestiona a legisladores del departamento - RQ 99.9\" \/>\n<meta property=\"og:description\" content=\"Es hora de trabajar con compromiso y cercan\u00eda.\" \/>\n<meta property=\"og:url\" content=\"https:\/\/nahuelproducciones.com.ar\/radioquijano\/el-dr-eduardo-moreno-desmiente-informacion-viral-sobre-cuota-alimentaria-y-cuestiona-a-legisladores-del-departamento\/\" \/>\n<meta property=\"og:site_name\" content=\"RQ 99.9\" \/>\n<meta property=\"article:publisher\" content=\"https:\/\/www.facebook.com\/nahuelproducciones999\/\" \/>\n<meta property=\"article:published_time\" content=\"2025-04-09T03:15:50+00:00\" \/>\n<meta property=\"article:modified_time\" content=\"2025-04-09T03:15:57+00:00\" \/>\n<meta property=\"og:image\" content=\"https:\/\/nahuelproducciones.com.ar\/radioquijano\/wp-content\/uploads\/2025\/04\/460650321_2669047053263915_918070951839208342_n.jpg\" \/>\n\t<meta property=\"og:image:width\" content=\"720\" \/>\n\t<meta property=\"og:image:height\" content=\"1295\" \/>\n\t<meta property=\"og:image:type\" content=\"image\/jpeg\" \/>\n<meta name=\"author\" content=\"Cecilia Pastrana\" \/>\n<meta name=\"twitter:card\" content=\"summary_large_image\" \/>\n<meta name=\"twitter:creator\" content=\"@nahuproduciones\" \/>\n<meta name=\"twitter:site\" content=\"@nahuproduciones\" \/>\n<meta name=\"twitter:label1\" content=\"Escrito por\" \/>\n\t<meta name=\"twitter:data1\" content=\"Cecilia Pastrana\" \/>\n\t<meta name=\"twitter:label2\" content=\"Tiempo de lectura\" \/>\n\t<meta name=\"twitter:data2\" content=\"2 minutos\" \/>\n<script type=\"application\/ld+json\" class=\"yoast-schema-graph\">{\"@context\":\"https:\/\/schema.org\",\"@graph\":[{\"@type\":\"WebPage\",\"@id\":\"https:\/\/nahuelproducciones.com.ar\/radioquijano\/el-dr-eduardo-moreno-desmiente-informacion-viral-sobre-cuota-alimentaria-y-cuestiona-a-legisladores-del-departamento\/\",\"url\":\"https:\/\/nahuelproducciones.com.ar\/radioquijano\/el-dr-eduardo-moreno-desmiente-informacion-viral-sobre-cuota-alimentaria-y-cuestiona-a-legisladores-del-departamento\/\",\"name\":\"El Dr. Eduardo Moreno desmiente informaci\u00f3n viral sobre cuota alimentaria y cuestiona a legisladores del departamento - RQ 99.9\",\"isPartOf\":{\"@id\":\"https:\/\/nahuelproducciones.com.ar\/radioquijano\/#website\"},\"datePublished\":\"2025-04-09T03:15:50+00:00\",\"dateModified\":\"2025-04-09T03:15:57+00:00\",\"author\":{\"@id\":\"https:\/\/nahuelproducciones.com.ar\/radioquijano\/#\/schema\/person\/e8a4f939e2cb487fe6d0c54042c9d32c\"},\"description\":\"Es hora de trabajar con compromiso y cercan\u00eda.\",\"breadcrumb\":{\"@id\":\"https:\/\/nahuelproducciones.com.ar\/radioquijano\/el-dr-eduardo-moreno-desmiente-informacion-viral-sobre-cuota-alimentaria-y-cuestiona-a-legisladores-del-departamento\/#breadcrumb\"},\"inLanguage\":\"es\",\"potentialAction\":[{\"@type\":\"ReadAction\",\"target\":[\"https:\/\/nahuelproducciones.com.ar\/radioquijano\/el-dr-eduardo-moreno-desmiente-informacion-viral-sobre-cuota-alimentaria-y-cuestiona-a-legisladores-del-departamento\/\"]}]},{\"@type\":\"BreadcrumbList\",\"@id\":\"https:\/\/nahuelproducciones.com.ar\/radioquijano\/el-dr-eduardo-moreno-desmiente-informacion-viral-sobre-cuota-alimentaria-y-cuestiona-a-legisladores-del-departamento\/#breadcrumb\",\"itemListElement\":[{\"@type\":\"ListItem\",\"position\":1,\"name\":\"Portada\",\"item\":\"https:\/\/nahuelproducciones.com.ar\/radioquijano\/\"},{\"@type\":\"ListItem\",\"position\":2,\"name\":\"El Dr. Eduardo Moreno desmiente informaci\u00f3n viral sobre cuota alimentaria y cuestiona a legisladores del departamento\"}]},{\"@type\":\"WebSite\",\"@id\":\"https:\/\/nahuelproducciones.com.ar\/radioquijano\/#website\",\"url\":\"https:\/\/nahuelproducciones.com.ar\/radioquijano\/\",\"name\":\"RQ 99.9\",\"description\":\"Radio Quijano 99.9 MHz\",\"potentialAction\":[{\"@type\":\"SearchAction\",\"target\":{\"@type\":\"EntryPoint\",\"urlTemplate\":\"https:\/\/nahuelproducciones.com.ar\/radioquijano\/?s={search_term_string}\"},\"query-input\":\"required name=search_term_string\"}],\"inLanguage\":\"es\"},{\"@type\":\"Person\",\"@id\":\"https:\/\/nahuelproducciones.com.ar\/radioquijano\/#\/schema\/person\/e8a4f939e2cb487fe6d0c54042c9d32c\",\"name\":\"Cecilia Pastrana\",\"image\":{\"@type\":\"ImageObject\",\"inLanguage\":\"es\",\"@id\":\"https:\/\/nahuelproducciones.com.ar\/radioquijano\/#\/schema\/person\/image\/\",\"url\":\"https:\/\/secure.gravatar.com\/avatar\/661a3ef63a8488d4f2794ed44af8cf71420f7e106f3072c40125114df5157749?s=96&d=mm&r=g\",\"contentUrl\":\"https:\/\/secure.gravatar.com\/avatar\/661a3ef63a8488d4f2794ed44af8cf71420f7e106f3072c40125114df5157749?s=96&d=mm&r=g\",\"caption\":\"Cecilia Pastrana\"},\"sameAs\":[\"cecy\"],\"url\":\"https:\/\/nahuelproducciones.com.ar\/radioquijano\/author\/cecy\/\"}]}<\/script>\n<!-- \/ Yoast SEO plugin. -->","yoast_head_json":{"title":"El Dr. Eduardo Moreno desmiente informaci\u00f3n viral sobre cuota alimentaria y cuestiona a legisladores del departamento - RQ 99.9","description":"Es hora de trabajar con compromiso y cercan\u00eda.","robots":{"index":"index","follow":"follow","max-snippet":"max-snippet:-1","max-image-preview":"max-image-preview:large","max-video-preview":"max-video-preview:-1"},"canonical":"https:\/\/nahuelproducciones.com.ar\/radioquijano\/el-dr-eduardo-moreno-desmiente-informacion-viral-sobre-cuota-alimentaria-y-cuestiona-a-legisladores-del-departamento\/","og_locale":"es_ES","og_type":"article","og_title":"El Dr. Eduardo Moreno desmiente informaci\u00f3n viral sobre cuota alimentaria y cuestiona a legisladores del departamento - RQ 99.9","og_description":"Es hora de trabajar con compromiso y cercan\u00eda.","og_url":"https:\/\/nahuelproducciones.com.ar\/radioquijano\/el-dr-eduardo-moreno-desmiente-informacion-viral-sobre-cuota-alimentaria-y-cuestiona-a-legisladores-del-departamento\/","og_site_name":"RQ 99.9","article_publisher":"https:\/\/www.facebook.com\/nahuelproducciones999\/","article_published_time":"2025-04-09T03:15:50+00:00","article_modified_time":"2025-04-09T03:15:57+00:00","og_image":[{"width":720,"height":1295,"url":"https:\/\/nahuelproducciones.com.ar\/radioquijano\/wp-content\/uploads\/2025\/04\/460650321_2669047053263915_918070951839208342_n.jpg","type":"image\/jpeg"}],"author":"Cecilia Pastrana","twitter_card":"summary_large_image","twitter_creator":"@nahuproduciones","twitter_site":"@nahuproduciones","twitter_misc":{"Escrito por":"Cecilia Pastrana","Tiempo de lectura":"2 minutos"},"schema":{"@context":"https:\/\/schema.org","@graph":[{"@type":"WebPage","@id":"https:\/\/nahuelproducciones.com.ar\/radioquijano\/el-dr-eduardo-moreno-desmiente-informacion-viral-sobre-cuota-alimentaria-y-cuestiona-a-legisladores-del-departamento\/","url":"https:\/\/nahuelproducciones.com.ar\/radioquijano\/el-dr-eduardo-moreno-desmiente-informacion-viral-sobre-cuota-alimentaria-y-cuestiona-a-legisladores-del-departamento\/","name":"El Dr. Eduardo Moreno desmiente informaci\u00f3n viral sobre cuota alimentaria y cuestiona a legisladores del departamento - RQ 99.9","isPartOf":{"@id":"https:\/\/nahuelproducciones.com.ar\/radioquijano\/#website"},"datePublished":"2025-04-09T03:15:50+00:00","dateModified":"2025-04-09T03:15:57+00:00","author":{"@id":"https:\/\/nahuelproducciones.com.ar\/radioquijano\/#\/schema\/person\/e8a4f939e2cb487fe6d0c54042c9d32c"},"description":"Es hora de trabajar con compromiso y cercan\u00eda.","breadcrumb":{"@id":"https:\/\/nahuelproducciones.com.ar\/radioquijano\/el-dr-eduardo-moreno-desmiente-informacion-viral-sobre-cuota-alimentaria-y-cuestiona-a-legisladores-del-departamento\/#breadcrumb"},"inLanguage":"es","potentialAction":[{"@type":"ReadAction","target":["https:\/\/nahuelproducciones.com.ar\/radioquijano\/el-dr-eduardo-moreno-desmiente-informacion-viral-sobre-cuota-alimentaria-y-cuestiona-a-legisladores-del-departamento\/"]}]},{"@type":"BreadcrumbList","@id":"https:\/\/nahuelproducciones.com.ar\/radioquijano\/el-dr-eduardo-moreno-desmiente-informacion-viral-sobre-cuota-alimentaria-y-cuestiona-a-legisladores-del-departamento\/#breadcrumb","itemListElement":[{"@type":"ListItem","position":1,"name":"Portada","item":"https:\/\/nahuelproducciones.com.ar\/radioquijano\/"},{"@type":"ListItem","position":2,"name":"El Dr. Eduardo Moreno desmiente informaci\u00f3n viral sobre cuota alimentaria y cuestiona a legisladores del departamento"}]},{"@type":"WebSite","@id":"https:\/\/nahuelproducciones.com.ar\/radioquijano\/#website","url":"https:\/\/nahuelproducciones.com.ar\/radioquijano\/","name":"RQ 99.9","description":"Radio Quijano 99.9 MHz","potentialAction":[{"@type":"SearchAction","target":{"@type":"EntryPoint","urlTemplate":"https:\/\/nahuelproducciones.com.ar\/radioquijano\/?s={search_term_string}"},"query-input":"required name=search_term_string"}],"inLanguage":"es"},{"@type":"Person","@id":"https:\/\/nahuelproducciones.com.ar\/radioquijano\/#\/schema\/person\/e8a4f939e2cb487fe6d0c54042c9d32c","name":"Cecilia Pastrana","image":{"@type":"ImageObject","inLanguage":"es","@id":"https:\/\/nahuelproducciones.com.ar\/radioquijano\/#\/schema\/person\/image\/","url":"https:\/\/secure.gravatar.com\/avatar\/661a3ef63a8488d4f2794ed44af8cf71420f7e106f3072c40125114df5157749?s=96&d=mm&r=g","contentUrl":"https:\/\/secure.gravatar.com\/avatar\/661a3ef63a8488d4f2794ed44af8cf71420f7e106f3072c40125114df5157749?s=96&d=mm&r=g","caption":"Cecilia Pastrana"},"sameAs":["cecy"],"url":"https:\/\/nahuelproducciones.com.ar\/radioquijano\/author\/cecy\/"}]}},"_links":{"self":[{"href":"https:\/\/nahuelproducciones.com.ar\/radioquijano\/wp-json\/wp\/v2\/posts\/9911","targetHints":{"allow":["GET"]}}],"collection":[{"href":"https:\/\/nahuelproducciones.com.ar\/radioquijano\/wp-json\/wp\/v2\/posts"}],"about":[{"href":"https:\/\/nahuelproducciones.com.ar\/radioquijano\/wp-json\/wp\/v2\/types\/post"}],"author":[{"embeddable":true,"href":"https:\/\/nahuelproducciones.com.ar\/radioquijano\/wp-json\/wp\/v2\/users\/8"}],"replies":[{"embeddable":true,"href":"https:\/\/nahuelproducciones.com.ar\/radioquijano\/wp-json\/wp\/v2\/comments?post=9911"}],"version-history":[{"count":1,"href":"https:\/\/nahuelproducciones.com.ar\/radioquijano\/wp-json\/wp\/v2\/posts\/9911\/revisions"}],"predecessor-version":[{"id":9914,"href":"https:\/\/nahuelproducciones.com.ar\/radioquijano\/wp-json\/wp\/v2\/posts\/9911\/revisions\/9914"}],"wp:featuredmedia":[{"embeddable":true,"href":"https:\/\/nahuelproducciones.com.ar\/radioquijano\/wp-json\/wp\/v2\/media\/9912"}],"wp:attachment":[{"href":"https:\/\/nahuelproducciones.com.ar\/radioquijano\/wp-json\/wp\/v2\/media?parent=9911"}],"wp:term":[{"taxonomy":"category","embeddable":true,"href":"https:\/\/nahuelproducciones.com.ar\/radioquijano\/wp-json\/wp\/v2\/categories?post=9911"},{"taxonomy":"post_tag","embeddable":true,"href":"https:\/\/nahuelproducciones.com.ar\/radioquijano\/wp-json\/wp\/v2\/tags?post=9911"}],"curies":[{"name":"wp","href":"https:\/\/api.w.org\/{rel}","templated":true}]}}