{"id":9931,"date":"2025-04-09T18:06:23","date_gmt":"2025-04-09T21:06:23","guid":{"rendered":"https:\/\/nahuelproducciones.com.ar\/radioquijano\/?p=9931"},"modified":"2025-04-09T18:22:41","modified_gmt":"2025-04-09T21:22:41","slug":"presentacion-de-candidatos-el-dr-eduardo-g-moreno-invita-a-conferencia-de-prensa-en-la-silleta","status":"publish","type":"post","link":"https:\/\/nahuelproducciones.com.ar\/radioquijano\/presentacion-de-candidatos-el-dr-eduardo-g-moreno-invita-a-conferencia-de-prensa-en-la-silleta\/","title":{"rendered":"Presentaci\u00f3n de Candidatos: El Dr. Eduardo G. Moreno invita a conferencia de prensa en La Silleta"},"content":{"rendered":"\n<p>El Dr. Eduardo Gabriel Moreno, en di\u00e1logo con Radio Quijano, extendi\u00f3 una cordial invitaci\u00f3n a toda la comunidad a participar de la <strong>Conferencia de Prensa<\/strong> que se realizar\u00e1 el <strong>mi\u00e9rcoles 9 de abril a las 18:30 horas<\/strong> , en el <strong>Comedor Mariel<\/strong> , ubicado en <strong>calle Rosario de Lerma N\u00b0150<\/strong> , en <strong>La Silleta<\/strong> .<\/p>\n\n\n\n<p>Durante el encuentro, se llevar\u00e1 a cabo la <strong>presentaci\u00f3n oficial de los candidatos a Senador, Concejales y Convencionales Municipales <\/strong> , tanto a nivel municipal como departamental.<\/p>\n\n\n\n<p>\u201c <strong>Quedan todos invitados<\/strong> : los vecinos de <strong>La Silleta, El Enc\u00f3n, Campo Quijano, La Quebrada del Toro y Rosario de Lerma<\/strong> \u201d, expres\u00f3 Moreno, quien remarc\u00f3 que este es un espacio de encuentro para dialogar sobre el presente y el futuro de la regi\u00f3n.<\/p>\n\n\n\n<p>Con el lema <strong>\u201cEl futuro es con vos\u201d<\/strong> , el equipo liderado por el Dr. Moreno busca dar inicio a una nueva etapa pol\u00edtica basada en el compromiso con la comunidad y la construcci\u00f3n colectiva.<\/p>\n\n\n\n<p>Adem\u00e1s, se adelanta que el <strong>s\u00e1bado 11 de abril<\/strong> se realizar\u00e1 la <strong>inauguraci\u00f3n oficial de la sede de campa\u00f1a<\/strong> , ubicada en la <strong>esquina de Av. 9 de Julio y San Mart\u00edn<\/strong> . La hora del evento ser\u00e1 comunicada en los pr\u00f3ximos d\u00edas, y se espera contar con una amplia participaci\u00f3n vecinal.<\/p>\n\n\n\n<p>Escucha la entrevista:<\/p>\n\n\n\n<figure class=\"wp-block-audio\"><audio controls src=\"https:\/\/nahuelproducciones.com.ar\/radioquijano\/wp-content\/uploads\/2025\/04\/09-04-2025-DR-MORENO-INVITACION-AL-LANZAMIENTO-DE-CANDIDATURAS-PARA-ELECCION-11-DE-MAYO-2025.mp3\"><\/audio><\/figure>\n","protected":false},"excerpt":{"rendered":"<p>El Dr. Eduardo Gabriel Moreno, en di\u00e1logo con Radio Quijano, extendi\u00f3 una cordial invitaci\u00f3n a toda la comunidad a participar de la Conferencia de Prensa que se realizar\u00e1 el mi\u00e9rcoles 9 de abril a las 18:30 horas , en el Comedor Mariel , ubicado en calle Rosario de Lerma N\u00b0150 , en La Silleta . [&hellip;]<\/p>\n","protected":false},"author":8,"featured_media":9932,"comment_status":"open","ping_status":"open","sticky":false,"template":"","format":"standard","meta":{"_monsterinsights_skip_tracking":false,"_monsterinsights_sitenote_active":false,"_monsterinsights_sitenote_note":"","_monsterinsights_sitenote_category":0,"footnotes":""},"categories":[16],"tags":[1758,100],"class_list":["post-9931","post","type-post","status-publish","format-standard","has-post-thumbnail","hentry","category-noticias","tag-conferencia-de-prensa","tag-municipio-de-campo-quijano"],"yoast_head":"<!-- This site is optimized with the Yoast SEO plugin v20.8 - https:\/\/yoast.com\/wordpress\/plugins\/seo\/ -->\n<title>Presentaci\u00f3n de Candidatos: El Dr. Eduardo G. Moreno invita a conferencia de prensa en La Silleta - RQ 99.9<\/title>\n<meta name=\"description\" content=\"Mi\u00e9rcoles 9 de abril a las 18:30 horas , en el Comedor Mariel , ubicado en calle Rosario de Lerma N\u00b0150 , en La Silleta .\" \/>\n<meta name=\"robots\" content=\"index, follow, max-snippet:-1, max-image-preview:large, max-video-preview:-1\" \/>\n<link rel=\"canonical\" href=\"https:\/\/nahuelproducciones.com.ar\/radioquijano\/presentacion-de-candidatos-el-dr-eduardo-g-moreno-invita-a-conferencia-de-prensa-en-la-silleta\/\" \/>\n<meta property=\"og:locale\" content=\"es_ES\" \/>\n<meta property=\"og:type\" content=\"article\" \/>\n<meta property=\"og:title\" content=\"Presentaci\u00f3n de Candidatos: El Dr. Eduardo G. Moreno invita a conferencia de prensa en La Silleta - RQ 99.9\" \/>\n<meta property=\"og:description\" content=\"Mi\u00e9rcoles 9 de abril a las 18:30 horas , en el Comedor Mariel , ubicado en calle Rosario de Lerma N\u00b0150 , en La Silleta .\" \/>\n<meta property=\"og:url\" content=\"https:\/\/nahuelproducciones.com.ar\/radioquijano\/presentacion-de-candidatos-el-dr-eduardo-g-moreno-invita-a-conferencia-de-prensa-en-la-silleta\/\" \/>\n<meta property=\"og:site_name\" content=\"RQ 99.9\" \/>\n<meta property=\"article:publisher\" content=\"https:\/\/www.facebook.com\/nahuelproducciones999\/\" \/>\n<meta property=\"article:published_time\" content=\"2025-04-09T21:06:23+00:00\" \/>\n<meta property=\"article:modified_time\" content=\"2025-04-09T21:22:41+00:00\" \/>\n<meta property=\"og:image\" content=\"https:\/\/nahuelproducciones.com.ar\/radioquijano\/wp-content\/uploads\/2025\/04\/489749272_122148541256548354_8095743553261257744_n.jpg\" \/>\n\t<meta property=\"og:image:width\" content=\"526\" \/>\n\t<meta property=\"og:image:height\" content=\"715\" \/>\n\t<meta property=\"og:image:type\" content=\"image\/jpeg\" \/>\n<meta name=\"author\" content=\"Cecilia Pastrana\" \/>\n<meta name=\"twitter:card\" content=\"summary_large_image\" \/>\n<meta name=\"twitter:creator\" content=\"@nahuproduciones\" \/>\n<meta name=\"twitter:site\" content=\"@nahuproduciones\" \/>\n<meta name=\"twitter:label1\" content=\"Escrito por\" \/>\n\t<meta name=\"twitter:data1\" content=\"Cecilia Pastrana\" \/>\n\t<meta name=\"twitter:label2\" content=\"Tiempo de lectura\" \/>\n\t<meta name=\"twitter:data2\" content=\"1 minuto\" \/>\n<script type=\"application\/ld+json\" class=\"yoast-schema-graph\">{\"@context\":\"https:\/\/schema.org\",\"@graph\":[{\"@type\":\"WebPage\",\"@id\":\"https:\/\/nahuelproducciones.com.ar\/radioquijano\/presentacion-de-candidatos-el-dr-eduardo-g-moreno-invita-a-conferencia-de-prensa-en-la-silleta\/\",\"url\":\"https:\/\/nahuelproducciones.com.ar\/radioquijano\/presentacion-de-candidatos-el-dr-eduardo-g-moreno-invita-a-conferencia-de-prensa-en-la-silleta\/\",\"name\":\"Presentaci\u00f3n de Candidatos: El Dr. Eduardo G. Moreno invita a conferencia de prensa en La Silleta - RQ 99.9\",\"isPartOf\":{\"@id\":\"https:\/\/nahuelproducciones.com.ar\/radioquijano\/#website\"},\"datePublished\":\"2025-04-09T21:06:23+00:00\",\"dateModified\":\"2025-04-09T21:22:41+00:00\",\"author\":{\"@id\":\"https:\/\/nahuelproducciones.com.ar\/radioquijano\/#\/schema\/person\/e8a4f939e2cb487fe6d0c54042c9d32c\"},\"description\":\"Mi\u00e9rcoles 9 de abril a las 18:30 horas , en el Comedor Mariel , ubicado en calle Rosario de Lerma N\u00b0150 , en La Silleta .\",\"breadcrumb\":{\"@id\":\"https:\/\/nahuelproducciones.com.ar\/radioquijano\/presentacion-de-candidatos-el-dr-eduardo-g-moreno-invita-a-conferencia-de-prensa-en-la-silleta\/#breadcrumb\"},\"inLanguage\":\"es\",\"potentialAction\":[{\"@type\":\"ReadAction\",\"target\":[\"https:\/\/nahuelproducciones.com.ar\/radioquijano\/presentacion-de-candidatos-el-dr-eduardo-g-moreno-invita-a-conferencia-de-prensa-en-la-silleta\/\"]}]},{\"@type\":\"BreadcrumbList\",\"@id\":\"https:\/\/nahuelproducciones.com.ar\/radioquijano\/presentacion-de-candidatos-el-dr-eduardo-g-moreno-invita-a-conferencia-de-prensa-en-la-silleta\/#breadcrumb\",\"itemListElement\":[{\"@type\":\"ListItem\",\"position\":1,\"name\":\"Portada\",\"item\":\"https:\/\/nahuelproducciones.com.ar\/radioquijano\/\"},{\"@type\":\"ListItem\",\"position\":2,\"name\":\"Presentaci\u00f3n de Candidatos: El Dr. Eduardo G. Moreno invita a conferencia de prensa en La Silleta\"}]},{\"@type\":\"WebSite\",\"@id\":\"https:\/\/nahuelproducciones.com.ar\/radioquijano\/#website\",\"url\":\"https:\/\/nahuelproducciones.com.ar\/radioquijano\/\",\"name\":\"RQ 99.9\",\"description\":\"Radio Quijano 99.9 MHz\",\"potentialAction\":[{\"@type\":\"SearchAction\",\"target\":{\"@type\":\"EntryPoint\",\"urlTemplate\":\"https:\/\/nahuelproducciones.com.ar\/radioquijano\/?s={search_term_string}\"},\"query-input\":\"required name=search_term_string\"}],\"inLanguage\":\"es\"},{\"@type\":\"Person\",\"@id\":\"https:\/\/nahuelproducciones.com.ar\/radioquijano\/#\/schema\/person\/e8a4f939e2cb487fe6d0c54042c9d32c\",\"name\":\"Cecilia Pastrana\",\"image\":{\"@type\":\"ImageObject\",\"inLanguage\":\"es\",\"@id\":\"https:\/\/nahuelproducciones.com.ar\/radioquijano\/#\/schema\/person\/image\/\",\"url\":\"https:\/\/secure.gravatar.com\/avatar\/661a3ef63a8488d4f2794ed44af8cf71420f7e106f3072c40125114df5157749?s=96&d=mm&r=g\",\"contentUrl\":\"https:\/\/secure.gravatar.com\/avatar\/661a3ef63a8488d4f2794ed44af8cf71420f7e106f3072c40125114df5157749?s=96&d=mm&r=g\",\"caption\":\"Cecilia Pastrana\"},\"sameAs\":[\"cecy\"],\"url\":\"https:\/\/nahuelproducciones.com.ar\/radioquijano\/author\/cecy\/\"}]}<\/script>\n<!-- \/ Yoast SEO plugin. -->","yoast_head_json":{"title":"Presentaci\u00f3n de Candidatos: El Dr. Eduardo G. Moreno invita a conferencia de prensa en La Silleta - RQ 99.9","description":"Mi\u00e9rcoles 9 de abril a las 18:30 horas , en el Comedor Mariel , ubicado en calle Rosario de Lerma N\u00b0150 , en La Silleta .","robots":{"index":"index","follow":"follow","max-snippet":"max-snippet:-1","max-image-preview":"max-image-preview:large","max-video-preview":"max-video-preview:-1"},"canonical":"https:\/\/nahuelproducciones.com.ar\/radioquijano\/presentacion-de-candidatos-el-dr-eduardo-g-moreno-invita-a-conferencia-de-prensa-en-la-silleta\/","og_locale":"es_ES","og_type":"article","og_title":"Presentaci\u00f3n de Candidatos: El Dr. Eduardo G. Moreno invita a conferencia de prensa en La Silleta - RQ 99.9","og_description":"Mi\u00e9rcoles 9 de abril a las 18:30 horas , en el Comedor Mariel , ubicado en calle Rosario de Lerma N\u00b0150 , en La Silleta .","og_url":"https:\/\/nahuelproducciones.com.ar\/radioquijano\/presentacion-de-candidatos-el-dr-eduardo-g-moreno-invita-a-conferencia-de-prensa-en-la-silleta\/","og_site_name":"RQ 99.9","article_publisher":"https:\/\/www.facebook.com\/nahuelproducciones999\/","article_published_time":"2025-04-09T21:06:23+00:00","article_modified_time":"2025-04-09T21:22:41+00:00","og_image":[{"width":526,"height":715,"url":"https:\/\/nahuelproducciones.com.ar\/radioquijano\/wp-content\/uploads\/2025\/04\/489749272_122148541256548354_8095743553261257744_n.jpg","type":"image\/jpeg"}],"author":"Cecilia Pastrana","twitter_card":"summary_large_image","twitter_creator":"@nahuproduciones","twitter_site":"@nahuproduciones","twitter_misc":{"Escrito por":"Cecilia Pastrana","Tiempo de lectura":"1 minuto"},"schema":{"@context":"https:\/\/schema.org","@graph":[{"@type":"WebPage","@id":"https:\/\/nahuelproducciones.com.ar\/radioquijano\/presentacion-de-candidatos-el-dr-eduardo-g-moreno-invita-a-conferencia-de-prensa-en-la-silleta\/","url":"https:\/\/nahuelproducciones.com.ar\/radioquijano\/presentacion-de-candidatos-el-dr-eduardo-g-moreno-invita-a-conferencia-de-prensa-en-la-silleta\/","name":"Presentaci\u00f3n de Candidatos: El Dr. Eduardo G. Moreno invita a conferencia de prensa en La Silleta - RQ 99.9","isPartOf":{"@id":"https:\/\/nahuelproducciones.com.ar\/radioquijano\/#website"},"datePublished":"2025-04-09T21:06:23+00:00","dateModified":"2025-04-09T21:22:41+00:00","author":{"@id":"https:\/\/nahuelproducciones.com.ar\/radioquijano\/#\/schema\/person\/e8a4f939e2cb487fe6d0c54042c9d32c"},"description":"Mi\u00e9rcoles 9 de abril a las 18:30 horas , en el Comedor Mariel , ubicado en calle Rosario de Lerma N\u00b0150 , en La Silleta .","breadcrumb":{"@id":"https:\/\/nahuelproducciones.com.ar\/radioquijano\/presentacion-de-candidatos-el-dr-eduardo-g-moreno-invita-a-conferencia-de-prensa-en-la-silleta\/#breadcrumb"},"inLanguage":"es","potentialAction":[{"@type":"ReadAction","target":["https:\/\/nahuelproducciones.com.ar\/radioquijano\/presentacion-de-candidatos-el-dr-eduardo-g-moreno-invita-a-conferencia-de-prensa-en-la-silleta\/"]}]},{"@type":"BreadcrumbList","@id":"https:\/\/nahuelproducciones.com.ar\/radioquijano\/presentacion-de-candidatos-el-dr-eduardo-g-moreno-invita-a-conferencia-de-prensa-en-la-silleta\/#breadcrumb","itemListElement":[{"@type":"ListItem","position":1,"name":"Portada","item":"https:\/\/nahuelproducciones.com.ar\/radioquijano\/"},{"@type":"ListItem","position":2,"name":"Presentaci\u00f3n de Candidatos: El Dr. Eduardo G. Moreno invita a conferencia de prensa en La Silleta"}]},{"@type":"WebSite","@id":"https:\/\/nahuelproducciones.com.ar\/radioquijano\/#website","url":"https:\/\/nahuelproducciones.com.ar\/radioquijano\/","name":"RQ 99.9","description":"Radio Quijano 99.9 MHz","potentialAction":[{"@type":"SearchAction","target":{"@type":"EntryPoint","urlTemplate":"https:\/\/nahuelproducciones.com.ar\/radioquijano\/?s={search_term_string}"},"query-input":"required name=search_term_string"}],"inLanguage":"es"},{"@type":"Person","@id":"https:\/\/nahuelproducciones.com.ar\/radioquijano\/#\/schema\/person\/e8a4f939e2cb487fe6d0c54042c9d32c","name":"Cecilia Pastrana","image":{"@type":"ImageObject","inLanguage":"es","@id":"https:\/\/nahuelproducciones.com.ar\/radioquijano\/#\/schema\/person\/image\/","url":"https:\/\/secure.gravatar.com\/avatar\/661a3ef63a8488d4f2794ed44af8cf71420f7e106f3072c40125114df5157749?s=96&d=mm&r=g","contentUrl":"https:\/\/secure.gravatar.com\/avatar\/661a3ef63a8488d4f2794ed44af8cf71420f7e106f3072c40125114df5157749?s=96&d=mm&r=g","caption":"Cecilia Pastrana"},"sameAs":["cecy"],"url":"https:\/\/nahuelproducciones.com.ar\/radioquijano\/author\/cecy\/"}]}},"_links":{"self":[{"href":"https:\/\/nahuelproducciones.com.ar\/radioquijano\/wp-json\/wp\/v2\/posts\/9931","targetHints":{"allow":["GET"]}}],"collection":[{"href":"https:\/\/nahuelproducciones.com.ar\/radioquijano\/wp-json\/wp\/v2\/posts"}],"about":[{"href":"https:\/\/nahuelproducciones.com.ar\/radioquijano\/wp-json\/wp\/v2\/types\/post"}],"author":[{"embeddable":true,"href":"https:\/\/nahuelproducciones.com.ar\/radioquijano\/wp-json\/wp\/v2\/users\/8"}],"replies":[{"embeddable":true,"href":"https:\/\/nahuelproducciones.com.ar\/radioquijano\/wp-json\/wp\/v2\/comments?post=9931"}],"version-history":[{"count":2,"href":"https:\/\/nahuelproducciones.com.ar\/radioquijano\/wp-json\/wp\/v2\/posts\/9931\/revisions"}],"predecessor-version":[{"id":9937,"href":"https:\/\/nahuelproducciones.com.ar\/radioquijano\/wp-json\/wp\/v2\/posts\/9931\/revisions\/9937"}],"wp:featuredmedia":[{"embeddable":true,"href":"https:\/\/nahuelproducciones.com.ar\/radioquijano\/wp-json\/wp\/v2\/media\/9932"}],"wp:attachment":[{"href":"https:\/\/nahuelproducciones.com.ar\/radioquijano\/wp-json\/wp\/v2\/media?parent=9931"}],"wp:term":[{"taxonomy":"category","embeddable":true,"href":"https:\/\/nahuelproducciones.com.ar\/radioquijano\/wp-json\/wp\/v2\/categories?post=9931"},{"taxonomy":"post_tag","embeddable":true,"href":"https:\/\/nahuelproducciones.com.ar\/radioquijano\/wp-json\/wp\/v2\/tags?post=9931"}],"curies":[{"name":"wp","href":"https:\/\/api.w.org\/{rel}","templated":true}]}}