{"id":9934,"date":"2025-04-09T18:27:12","date_gmt":"2025-04-09T21:27:12","guid":{"rendered":"https:\/\/nahuelproducciones.com.ar\/radioquijano\/?p=9934"},"modified":"2025-04-09T18:27:13","modified_gmt":"2025-04-09T21:27:13","slug":"invitacion-especial-se-abren-las-inscripciones-para-el-cuerpo-infantil-de-policia-bomberos-en-campo-quijano","status":"publish","type":"post","link":"https:\/\/nahuelproducciones.com.ar\/radioquijano\/invitacion-especial-se-abren-las-inscripciones-para-el-cuerpo-infantil-de-policia-bomberos-en-campo-quijano\/","title":{"rendered":"Invitaci\u00f3n Especial: Se Abren las Inscripciones para el Cuerpo Infantil de Polic\u00eda-Bomberos en Campo Quijano"},"content":{"rendered":"\n<p>El cabo Fernanda Guti\u00e9rrez y la se\u00f1orita de apoyo escolar Luc\u00eda Cro visitaron <strong>Radio Quijano<\/strong>  para extender una c\u00e1lida invitaci\u00f3n a todos los ni\u00f1os y ni\u00f1as del pueblo: formar parte del <strong>Cuerpo Infantil de Polic\u00eda-Bomberos de Campo Quijano (CIP)<\/strong> .<\/p>\n\n\n\n<p>Con entusiasmo y vocaci\u00f3n por transmitir valores como la solidaridad, el trabajo en equipo y el compromiso con la comunidad, ambos representantes explicaron los detalles de esta valiosa propuesta formativa destinada a ni\u00f1os y ni\u00f1as entre 6 y 13 a\u00f1os.<\/p>\n\n\n\n<p>Las <strong>inscripciones ya est\u00e1n abiertas<\/strong> tanto para el <strong>CIP femenino como masculino<\/strong> , y las actividades se desarrollar\u00e1n en el \u00e1mbito de la Divisi\u00f3n Guardia de Incendios y Otros Siniestros de Campo Quijano.<\/p>\n\n\n\n<h4 class=\"wp-block-heading\">Requisitos para la inscripci\u00f3n:<\/h4>\n\n\n\n<ul class=\"wp-block-list\">\n<li>Tener entre <strong>6 y 13 a\u00f1os<\/strong> de edad .de edad.<\/li>\n\n\n\n<li>Presentar fotocopias del <strong>DNI del postulante y de sus padres<\/strong> .<\/li>\n\n\n\n<li><strong>Certificado de Aptitud F\u00edsica y Salud Bucal<\/strong> expedido por hospital p\u00fablico o privado .Expedido por hospital p\u00fablico o privado.<\/li>\n\n\n\n<li><strong>Constancia de Alumno Regular<\/strong> y <strong>copia <\/strong><strong>del <\/strong><strong>bolet\u00edn <\/strong><strong>de <\/strong><strong>calificaciones<\/strong> .y <strong>copia del bolet\u00edn de calificaciones<\/strong> .<\/li>\n\n\n\n<li>Pago del <strong>Seguro Escolar (IPS)<\/strong> .<\/li>\n\n\n\n<li>Dos fotos <strong>4&#215;4 color de frente<\/strong> .<\/li>\n\n\n\n<li>Una <strong>carpeta transparente A4<\/strong> .<\/li>\n<\/ul>\n\n\n\n<blockquote class=\"wp-block-quote is-layout-flow wp-block-quote-is-layout-flow\">\n<p>Para m\u00e1s informaci\u00f3n o consultas, los interesados \u200b\u200bpueden comunicarse con la <strong>Cabo Fernanda Guti\u00e9rrez<\/strong> al n\u00famero <strong>387 5 456878<\/strong>.<\/p>\n<\/blockquote>\n\n\n\n<p>La inscripci\u00f3n se realiza en la <strong>oficina de la Divisi\u00f3n Guardia de Incendios y Otros Siniestros<\/strong> , ubicada en <strong>Radio Estaci\u00f3n s\/n (ex Colegio Maury), Campo Quijano<\/strong> .<\/p>\n\n\n\n<hr class=\"wp-block-separator has-alpha-channel-opacity\"\/>\n\n\n\n<h3 class=\"wp-block-heading\"><strong>\u00a1S\u00famate al Cuerpo de Bomberos Infantiles del Valle de Lerma!<\/strong><\/h3>\n\n\n\n<blockquote class=\"wp-block-quote is-layout-flow wp-block-quote-is-layout-flow\">\n<p>Si quieres aprender cosas nuevas, vivir experiencias inolvidables y hacer nuevos amigos\u2026 \u00a1esta es tu oportunidad!<\/p>\n\n\n\n<p>Escucha la entrevista:<\/p>\n\n\n\n<figure class=\"wp-block-audio\"><audio controls src=\"https:\/\/nahuelproducciones.com.ar\/radioquijano\/wp-content\/uploads\/2025\/04\/09-04-2025-BOMBEROS-INFANTILES-INSRPCIONES.mp3\"><\/audio><\/figure>\n<\/blockquote>\n","protected":false},"excerpt":{"rendered":"<p>El cabo Fernanda Guti\u00e9rrez y la se\u00f1orita de apoyo escolar Luc\u00eda Cro visitaron Radio Quijano para extender una c\u00e1lida invitaci\u00f3n a todos los ni\u00f1os y ni\u00f1as del pueblo: formar parte del Cuerpo Infantil de Polic\u00eda-Bomberos de Campo Quijano (CIP) . Con entusiasmo y vocaci\u00f3n por transmitir valores como la solidaridad, el trabajo en equipo y [&hellip;]<\/p>\n","protected":false},"author":8,"featured_media":9939,"comment_status":"open","ping_status":"open","sticky":false,"template":"","format":"standard","meta":{"_monsterinsights_skip_tracking":false,"_monsterinsights_sitenote_active":false,"_monsterinsights_sitenote_note":"","_monsterinsights_sitenote_category":0,"footnotes":""},"categories":[16],"tags":[1759,1760,100],"class_list":["post-9934","post","type-post","status-publish","format-standard","has-post-thumbnail","hentry","category-noticias","tag-cuerpo-infantil-de-policia-bomberos-en-campo-quijano","tag-inscripciones","tag-municipio-de-campo-quijano"],"yoast_head":"<!-- This site is optimized with the Yoast SEO plugin v20.8 - https:\/\/yoast.com\/wordpress\/plugins\/seo\/ -->\n<title>Invitaci\u00f3n Especial: Se Abren las Inscripciones para el Cuerpo Infantil de Polic\u00eda-Bomberos en Campo Quijano - RQ 99.9<\/title>\n<meta name=\"robots\" content=\"index, follow, max-snippet:-1, max-image-preview:large, max-video-preview:-1\" \/>\n<link rel=\"canonical\" href=\"https:\/\/nahuelproducciones.com.ar\/radioquijano\/invitacion-especial-se-abren-las-inscripciones-para-el-cuerpo-infantil-de-policia-bomberos-en-campo-quijano\/\" \/>\n<meta property=\"og:locale\" content=\"es_ES\" \/>\n<meta property=\"og:type\" content=\"article\" \/>\n<meta property=\"og:title\" content=\"Invitaci\u00f3n Especial: Se Abren las Inscripciones para el Cuerpo Infantil de Polic\u00eda-Bomberos en Campo Quijano - RQ 99.9\" \/>\n<meta property=\"og:description\" content=\"El cabo Fernanda Guti\u00e9rrez y la se\u00f1orita de apoyo escolar Luc\u00eda Cro visitaron Radio Quijano para extender una c\u00e1lida invitaci\u00f3n a todos los ni\u00f1os y ni\u00f1as del pueblo: formar parte del Cuerpo Infantil de Polic\u00eda-Bomberos de Campo Quijano (CIP) . Con entusiasmo y vocaci\u00f3n por transmitir valores como la solidaridad, el trabajo en equipo y [&hellip;]\" \/>\n<meta property=\"og:url\" content=\"https:\/\/nahuelproducciones.com.ar\/radioquijano\/invitacion-especial-se-abren-las-inscripciones-para-el-cuerpo-infantil-de-policia-bomberos-en-campo-quijano\/\" \/>\n<meta property=\"og:site_name\" content=\"RQ 99.9\" \/>\n<meta property=\"article:publisher\" content=\"https:\/\/www.facebook.com\/nahuelproducciones999\/\" \/>\n<meta property=\"article:published_time\" content=\"2025-04-09T21:27:12+00:00\" \/>\n<meta property=\"article:modified_time\" content=\"2025-04-09T21:27:13+00:00\" \/>\n<meta property=\"og:image\" content=\"https:\/\/nahuelproducciones.com.ar\/radioquijano\/wp-content\/uploads\/2025\/04\/WhatsApp-Image-2025-04-09-at-6.18.55-PM-e1744233981517.jpeg\" \/>\n\t<meta property=\"og:image:width\" content=\"700\" \/>\n\t<meta property=\"og:image:height\" content=\"623\" \/>\n\t<meta property=\"og:image:type\" content=\"image\/jpeg\" \/>\n<meta name=\"author\" content=\"Cecilia Pastrana\" \/>\n<meta name=\"twitter:card\" content=\"summary_large_image\" \/>\n<meta name=\"twitter:creator\" content=\"@nahuproduciones\" \/>\n<meta name=\"twitter:site\" content=\"@nahuproduciones\" \/>\n<meta name=\"twitter:label1\" content=\"Escrito por\" \/>\n\t<meta name=\"twitter:data1\" content=\"Cecilia Pastrana\" \/>\n\t<meta name=\"twitter:label2\" content=\"Tiempo de lectura\" \/>\n\t<meta name=\"twitter:data2\" content=\"2 minutos\" \/>\n<script type=\"application\/ld+json\" class=\"yoast-schema-graph\">{\"@context\":\"https:\/\/schema.org\",\"@graph\":[{\"@type\":\"WebPage\",\"@id\":\"https:\/\/nahuelproducciones.com.ar\/radioquijano\/invitacion-especial-se-abren-las-inscripciones-para-el-cuerpo-infantil-de-policia-bomberos-en-campo-quijano\/\",\"url\":\"https:\/\/nahuelproducciones.com.ar\/radioquijano\/invitacion-especial-se-abren-las-inscripciones-para-el-cuerpo-infantil-de-policia-bomberos-en-campo-quijano\/\",\"name\":\"Invitaci\u00f3n Especial: Se Abren las Inscripciones para el Cuerpo Infantil de Polic\u00eda-Bomberos en Campo Quijano - RQ 99.9\",\"isPartOf\":{\"@id\":\"https:\/\/nahuelproducciones.com.ar\/radioquijano\/#website\"},\"datePublished\":\"2025-04-09T21:27:12+00:00\",\"dateModified\":\"2025-04-09T21:27:13+00:00\",\"author\":{\"@id\":\"https:\/\/nahuelproducciones.com.ar\/radioquijano\/#\/schema\/person\/e8a4f939e2cb487fe6d0c54042c9d32c\"},\"breadcrumb\":{\"@id\":\"https:\/\/nahuelproducciones.com.ar\/radioquijano\/invitacion-especial-se-abren-las-inscripciones-para-el-cuerpo-infantil-de-policia-bomberos-en-campo-quijano\/#breadcrumb\"},\"inLanguage\":\"es\",\"potentialAction\":[{\"@type\":\"ReadAction\",\"target\":[\"https:\/\/nahuelproducciones.com.ar\/radioquijano\/invitacion-especial-se-abren-las-inscripciones-para-el-cuerpo-infantil-de-policia-bomberos-en-campo-quijano\/\"]}]},{\"@type\":\"BreadcrumbList\",\"@id\":\"https:\/\/nahuelproducciones.com.ar\/radioquijano\/invitacion-especial-se-abren-las-inscripciones-para-el-cuerpo-infantil-de-policia-bomberos-en-campo-quijano\/#breadcrumb\",\"itemListElement\":[{\"@type\":\"ListItem\",\"position\":1,\"name\":\"Portada\",\"item\":\"https:\/\/nahuelproducciones.com.ar\/radioquijano\/\"},{\"@type\":\"ListItem\",\"position\":2,\"name\":\"Invitaci\u00f3n Especial: Se Abren las Inscripciones para el Cuerpo Infantil de Polic\u00eda-Bomberos en Campo Quijano\"}]},{\"@type\":\"WebSite\",\"@id\":\"https:\/\/nahuelproducciones.com.ar\/radioquijano\/#website\",\"url\":\"https:\/\/nahuelproducciones.com.ar\/radioquijano\/\",\"name\":\"RQ 99.9\",\"description\":\"Radio Quijano 99.9 MHz\",\"potentialAction\":[{\"@type\":\"SearchAction\",\"target\":{\"@type\":\"EntryPoint\",\"urlTemplate\":\"https:\/\/nahuelproducciones.com.ar\/radioquijano\/?s={search_term_string}\"},\"query-input\":\"required name=search_term_string\"}],\"inLanguage\":\"es\"},{\"@type\":\"Person\",\"@id\":\"https:\/\/nahuelproducciones.com.ar\/radioquijano\/#\/schema\/person\/e8a4f939e2cb487fe6d0c54042c9d32c\",\"name\":\"Cecilia Pastrana\",\"image\":{\"@type\":\"ImageObject\",\"inLanguage\":\"es\",\"@id\":\"https:\/\/nahuelproducciones.com.ar\/radioquijano\/#\/schema\/person\/image\/\",\"url\":\"https:\/\/secure.gravatar.com\/avatar\/661a3ef63a8488d4f2794ed44af8cf71420f7e106f3072c40125114df5157749?s=96&d=mm&r=g\",\"contentUrl\":\"https:\/\/secure.gravatar.com\/avatar\/661a3ef63a8488d4f2794ed44af8cf71420f7e106f3072c40125114df5157749?s=96&d=mm&r=g\",\"caption\":\"Cecilia Pastrana\"},\"sameAs\":[\"cecy\"],\"url\":\"https:\/\/nahuelproducciones.com.ar\/radioquijano\/author\/cecy\/\"}]}<\/script>\n<!-- \/ Yoast SEO plugin. -->","yoast_head_json":{"title":"Invitaci\u00f3n Especial: Se Abren las Inscripciones para el Cuerpo Infantil de Polic\u00eda-Bomberos en Campo Quijano - RQ 99.9","robots":{"index":"index","follow":"follow","max-snippet":"max-snippet:-1","max-image-preview":"max-image-preview:large","max-video-preview":"max-video-preview:-1"},"canonical":"https:\/\/nahuelproducciones.com.ar\/radioquijano\/invitacion-especial-se-abren-las-inscripciones-para-el-cuerpo-infantil-de-policia-bomberos-en-campo-quijano\/","og_locale":"es_ES","og_type":"article","og_title":"Invitaci\u00f3n Especial: Se Abren las Inscripciones para el Cuerpo Infantil de Polic\u00eda-Bomberos en Campo Quijano - RQ 99.9","og_description":"El cabo Fernanda Guti\u00e9rrez y la se\u00f1orita de apoyo escolar Luc\u00eda Cro visitaron Radio Quijano para extender una c\u00e1lida invitaci\u00f3n a todos los ni\u00f1os y ni\u00f1as del pueblo: formar parte del Cuerpo Infantil de Polic\u00eda-Bomberos de Campo Quijano (CIP) . Con entusiasmo y vocaci\u00f3n por transmitir valores como la solidaridad, el trabajo en equipo y [&hellip;]","og_url":"https:\/\/nahuelproducciones.com.ar\/radioquijano\/invitacion-especial-se-abren-las-inscripciones-para-el-cuerpo-infantil-de-policia-bomberos-en-campo-quijano\/","og_site_name":"RQ 99.9","article_publisher":"https:\/\/www.facebook.com\/nahuelproducciones999\/","article_published_time":"2025-04-09T21:27:12+00:00","article_modified_time":"2025-04-09T21:27:13+00:00","og_image":[{"width":700,"height":623,"url":"https:\/\/nahuelproducciones.com.ar\/radioquijano\/wp-content\/uploads\/2025\/04\/WhatsApp-Image-2025-04-09-at-6.18.55-PM-e1744233981517.jpeg","type":"image\/jpeg"}],"author":"Cecilia Pastrana","twitter_card":"summary_large_image","twitter_creator":"@nahuproduciones","twitter_site":"@nahuproduciones","twitter_misc":{"Escrito por":"Cecilia Pastrana","Tiempo de lectura":"2 minutos"},"schema":{"@context":"https:\/\/schema.org","@graph":[{"@type":"WebPage","@id":"https:\/\/nahuelproducciones.com.ar\/radioquijano\/invitacion-especial-se-abren-las-inscripciones-para-el-cuerpo-infantil-de-policia-bomberos-en-campo-quijano\/","url":"https:\/\/nahuelproducciones.com.ar\/radioquijano\/invitacion-especial-se-abren-las-inscripciones-para-el-cuerpo-infantil-de-policia-bomberos-en-campo-quijano\/","name":"Invitaci\u00f3n Especial: Se Abren las Inscripciones para el Cuerpo Infantil de Polic\u00eda-Bomberos en Campo Quijano - RQ 99.9","isPartOf":{"@id":"https:\/\/nahuelproducciones.com.ar\/radioquijano\/#website"},"datePublished":"2025-04-09T21:27:12+00:00","dateModified":"2025-04-09T21:27:13+00:00","author":{"@id":"https:\/\/nahuelproducciones.com.ar\/radioquijano\/#\/schema\/person\/e8a4f939e2cb487fe6d0c54042c9d32c"},"breadcrumb":{"@id":"https:\/\/nahuelproducciones.com.ar\/radioquijano\/invitacion-especial-se-abren-las-inscripciones-para-el-cuerpo-infantil-de-policia-bomberos-en-campo-quijano\/#breadcrumb"},"inLanguage":"es","potentialAction":[{"@type":"ReadAction","target":["https:\/\/nahuelproducciones.com.ar\/radioquijano\/invitacion-especial-se-abren-las-inscripciones-para-el-cuerpo-infantil-de-policia-bomberos-en-campo-quijano\/"]}]},{"@type":"BreadcrumbList","@id":"https:\/\/nahuelproducciones.com.ar\/radioquijano\/invitacion-especial-se-abren-las-inscripciones-para-el-cuerpo-infantil-de-policia-bomberos-en-campo-quijano\/#breadcrumb","itemListElement":[{"@type":"ListItem","position":1,"name":"Portada","item":"https:\/\/nahuelproducciones.com.ar\/radioquijano\/"},{"@type":"ListItem","position":2,"name":"Invitaci\u00f3n Especial: Se Abren las Inscripciones para el Cuerpo Infantil de Polic\u00eda-Bomberos en Campo Quijano"}]},{"@type":"WebSite","@id":"https:\/\/nahuelproducciones.com.ar\/radioquijano\/#website","url":"https:\/\/nahuelproducciones.com.ar\/radioquijano\/","name":"RQ 99.9","description":"Radio Quijano 99.9 MHz","potentialAction":[{"@type":"SearchAction","target":{"@type":"EntryPoint","urlTemplate":"https:\/\/nahuelproducciones.com.ar\/radioquijano\/?s={search_term_string}"},"query-input":"required name=search_term_string"}],"inLanguage":"es"},{"@type":"Person","@id":"https:\/\/nahuelproducciones.com.ar\/radioquijano\/#\/schema\/person\/e8a4f939e2cb487fe6d0c54042c9d32c","name":"Cecilia Pastrana","image":{"@type":"ImageObject","inLanguage":"es","@id":"https:\/\/nahuelproducciones.com.ar\/radioquijano\/#\/schema\/person\/image\/","url":"https:\/\/secure.gravatar.com\/avatar\/661a3ef63a8488d4f2794ed44af8cf71420f7e106f3072c40125114df5157749?s=96&d=mm&r=g","contentUrl":"https:\/\/secure.gravatar.com\/avatar\/661a3ef63a8488d4f2794ed44af8cf71420f7e106f3072c40125114df5157749?s=96&d=mm&r=g","caption":"Cecilia Pastrana"},"sameAs":["cecy"],"url":"https:\/\/nahuelproducciones.com.ar\/radioquijano\/author\/cecy\/"}]}},"_links":{"self":[{"href":"https:\/\/nahuelproducciones.com.ar\/radioquijano\/wp-json\/wp\/v2\/posts\/9934","targetHints":{"allow":["GET"]}}],"collection":[{"href":"https:\/\/nahuelproducciones.com.ar\/radioquijano\/wp-json\/wp\/v2\/posts"}],"about":[{"href":"https:\/\/nahuelproducciones.com.ar\/radioquijano\/wp-json\/wp\/v2\/types\/post"}],"author":[{"embeddable":true,"href":"https:\/\/nahuelproducciones.com.ar\/radioquijano\/wp-json\/wp\/v2\/users\/8"}],"replies":[{"embeddable":true,"href":"https:\/\/nahuelproducciones.com.ar\/radioquijano\/wp-json\/wp\/v2\/comments?post=9934"}],"version-history":[{"count":1,"href":"https:\/\/nahuelproducciones.com.ar\/radioquijano\/wp-json\/wp\/v2\/posts\/9934\/revisions"}],"predecessor-version":[{"id":9940,"href":"https:\/\/nahuelproducciones.com.ar\/radioquijano\/wp-json\/wp\/v2\/posts\/9934\/revisions\/9940"}],"wp:featuredmedia":[{"embeddable":true,"href":"https:\/\/nahuelproducciones.com.ar\/radioquijano\/wp-json\/wp\/v2\/media\/9939"}],"wp:attachment":[{"href":"https:\/\/nahuelproducciones.com.ar\/radioquijano\/wp-json\/wp\/v2\/media?parent=9934"}],"wp:term":[{"taxonomy":"category","embeddable":true,"href":"https:\/\/nahuelproducciones.com.ar\/radioquijano\/wp-json\/wp\/v2\/categories?post=9934"},{"taxonomy":"post_tag","embeddable":true,"href":"https:\/\/nahuelproducciones.com.ar\/radioquijano\/wp-json\/wp\/v2\/tags?post=9934"}],"curies":[{"name":"wp","href":"https:\/\/api.w.org\/{rel}","templated":true}]}}