{"id":9941,"date":"2025-04-09T18:43:22","date_gmt":"2025-04-09T21:43:22","guid":{"rendered":"https:\/\/nahuelproducciones.com.ar\/radioquijano\/?p=9941"},"modified":"2025-04-09T18:43:24","modified_gmt":"2025-04-09T21:43:24","slug":"ariel-gallardo-concejal-mandato-cumplido-cuestiono-el-proyecto-de-reforma-constitucional-presentado-por-la-diputada-griselda-galleguillos","status":"publish","type":"post","link":"https:\/\/nahuelproducciones.com.ar\/radioquijano\/ariel-gallardo-concejal-mandato-cumplido-cuestiono-el-proyecto-de-reforma-constitucional-presentado-por-la-diputada-griselda-galleguillos\/","title":{"rendered":"Ariel Gallardo, concejal mandato cumplido, cuestion\u00f3 el proyecto de reforma constitucional presentado por la diputada Griselda Galleguillos"},"content":{"rendered":"\n<p>En comunicaci\u00f3n con Radio Quijano, el concejal obligatorio cumplido Ariel Gallardo se refiri\u00f3 al proyecto presentado por la actual diputada del departamento Rosario de Lerma, Griselda Galleguillos (Bloque Frente Liberal Salte\u00f1o), en la 5\u00ba Sesi\u00f3n Ordinaria de la C\u00e1mara de Diputados de Salta. Se trata del expediente N\u00ba 91-51.619\/24, que propone una reforma parcial de la Constituci\u00f3n Provincial con el objetivo de implementar un sistema legislativo unicameral.<\/p>\n\n\n\n<p>El proyecto establece la elecci\u00f3n de convencionales constituyentes <em>ad honorem<\/em> , mediante el voto popular en mayo de 2025, con el fin de reemplazar el actual sistema bicameral \u2014compuesto por 83 legisladores entre diputados y senadores\u2014 por una Legislatura unicameral integrada \u00fanicamente por 23 representantes, uno por cada departamento de la provincia.<\/p>\n\n\n\n<p>Gallardo calific\u00f3 la iniciativa como <strong>\u201cun acto de oportunismo pol\u00edtico\u201d<\/strong> , y advirti\u00f3 que, de concretarse, <strong>\u201csolo le garantiza al gobernador el dominio y poder absoluto en la Legislatura\u201d<\/strong> . Adem\u00e1s, se\u00f1al\u00f3 que el sistema propuesto atenta contra la representaci\u00f3n de las minor\u00edas: <strong>\u201cLe impide a la oposici\u00f3n tener presencia en el Poder Legislativo, eliminando la pluralidad de voces y el equilibrio de poder\u201d<\/strong> , afirm\u00f3.<\/p>\n\n\n\n<p>Cabe se\u00f1alar que la propuesta a\u00fan no cuenta con dictamen de las Comisiones de Legislaci\u00f3n General ni de Hacienda y Presupuesto.<\/p>\n\n\n\n<p> Escucha la entrevista:<\/p>\n\n\n\n<figure class=\"wp-block-audio\"><audio controls src=\"https:\/\/nahuelproducciones.com.ar\/radioquijano\/wp-content\/uploads\/2025\/04\/09-04-2025-ariel-gallardo-su-vision-de-la-reforma-de-la-const-prov-y-salir-de-camara-bicameral-a-unicameral.mp3\"><\/audio><\/figure>\n","protected":false},"excerpt":{"rendered":"<p>En comunicaci\u00f3n con Radio Quijano, el concejal obligatorio cumplido Ariel Gallardo se refiri\u00f3 al proyecto presentado por la actual diputada del departamento Rosario de Lerma, Griselda Galleguillos (Bloque Frente Liberal Salte\u00f1o), en la 5\u00ba Sesi\u00f3n Ordinaria de la C\u00e1mara de Diputados de Salta. Se trata del expediente N\u00ba 91-51.619\/24, que propone una reforma parcial de [&hellip;]<\/p>\n","protected":false},"author":8,"featured_media":9943,"comment_status":"open","ping_status":"open","sticky":false,"template":"","format":"standard","meta":{"_monsterinsights_skip_tracking":false,"_monsterinsights_sitenote_active":false,"_monsterinsights_sitenote_note":"","_monsterinsights_sitenote_category":0,"footnotes":""},"categories":[16],"tags":[73,61,100],"class_list":["post-9941","post","type-post","status-publish","format-standard","has-post-thumbnail","hentry","category-noticias","tag-ariel-gallardo","tag-griselda-galleguillos","tag-municipio-de-campo-quijano"],"yoast_head":"<!-- This site is optimized with the Yoast SEO plugin v20.8 - https:\/\/yoast.com\/wordpress\/plugins\/seo\/ -->\n<title>Ariel Gallardo, concejal mandato cumplido, cuestion\u00f3 el proyecto de reforma constitucional presentado por la diputada Griselda Galleguillos - RQ 99.9<\/title>\n<meta name=\"description\" content=\"Se\u00f1al\u00f3 que el sistema propuesto atenta contra la representaci\u00f3n de las minor\u00edas\" \/>\n<meta name=\"robots\" content=\"index, follow, max-snippet:-1, max-image-preview:large, max-video-preview:-1\" \/>\n<link rel=\"canonical\" href=\"https:\/\/nahuelproducciones.com.ar\/radioquijano\/ariel-gallardo-concejal-mandato-cumplido-cuestiono-el-proyecto-de-reforma-constitucional-presentado-por-la-diputada-griselda-galleguillos\/\" \/>\n<meta property=\"og:locale\" content=\"es_ES\" \/>\n<meta property=\"og:type\" content=\"article\" \/>\n<meta property=\"og:title\" content=\"Ariel Gallardo, concejal mandato cumplido, cuestion\u00f3 el proyecto de reforma constitucional presentado por la diputada Griselda Galleguillos - RQ 99.9\" \/>\n<meta property=\"og:description\" content=\"Se\u00f1al\u00f3 que el sistema propuesto atenta contra la representaci\u00f3n de las minor\u00edas\" \/>\n<meta property=\"og:url\" content=\"https:\/\/nahuelproducciones.com.ar\/radioquijano\/ariel-gallardo-concejal-mandato-cumplido-cuestiono-el-proyecto-de-reforma-constitucional-presentado-por-la-diputada-griselda-galleguillos\/\" \/>\n<meta property=\"og:site_name\" content=\"RQ 99.9\" \/>\n<meta property=\"article:publisher\" content=\"https:\/\/www.facebook.com\/nahuelproducciones999\/\" \/>\n<meta property=\"article:published_time\" content=\"2025-04-09T21:43:22+00:00\" \/>\n<meta property=\"article:modified_time\" content=\"2025-04-09T21:43:24+00:00\" \/>\n<meta property=\"og:image\" content=\"https:\/\/nahuelproducciones.com.ar\/radioquijano\/wp-content\/uploads\/2025\/04\/489603752_9661480720580576_3460963154320786474_n-e1744234948175.jpg\" \/>\n\t<meta property=\"og:image:width\" content=\"700\" \/>\n\t<meta property=\"og:image:height\" content=\"745\" \/>\n\t<meta property=\"og:image:type\" content=\"image\/jpeg\" \/>\n<meta name=\"author\" content=\"Cecilia Pastrana\" \/>\n<meta name=\"twitter:card\" content=\"summary_large_image\" \/>\n<meta name=\"twitter:creator\" content=\"@nahuproduciones\" \/>\n<meta name=\"twitter:site\" content=\"@nahuproduciones\" \/>\n<meta name=\"twitter:label1\" content=\"Escrito por\" \/>\n\t<meta name=\"twitter:data1\" content=\"Cecilia Pastrana\" \/>\n\t<meta name=\"twitter:label2\" content=\"Tiempo de lectura\" \/>\n\t<meta name=\"twitter:data2\" content=\"1 minuto\" \/>\n<script type=\"application\/ld+json\" class=\"yoast-schema-graph\">{\"@context\":\"https:\/\/schema.org\",\"@graph\":[{\"@type\":\"WebPage\",\"@id\":\"https:\/\/nahuelproducciones.com.ar\/radioquijano\/ariel-gallardo-concejal-mandato-cumplido-cuestiono-el-proyecto-de-reforma-constitucional-presentado-por-la-diputada-griselda-galleguillos\/\",\"url\":\"https:\/\/nahuelproducciones.com.ar\/radioquijano\/ariel-gallardo-concejal-mandato-cumplido-cuestiono-el-proyecto-de-reforma-constitucional-presentado-por-la-diputada-griselda-galleguillos\/\",\"name\":\"Ariel Gallardo, concejal mandato cumplido, cuestion\u00f3 el proyecto de reforma constitucional presentado por la diputada Griselda Galleguillos - RQ 99.9\",\"isPartOf\":{\"@id\":\"https:\/\/nahuelproducciones.com.ar\/radioquijano\/#website\"},\"datePublished\":\"2025-04-09T21:43:22+00:00\",\"dateModified\":\"2025-04-09T21:43:24+00:00\",\"author\":{\"@id\":\"https:\/\/nahuelproducciones.com.ar\/radioquijano\/#\/schema\/person\/e8a4f939e2cb487fe6d0c54042c9d32c\"},\"description\":\"Se\u00f1al\u00f3 que el sistema propuesto atenta contra la representaci\u00f3n de las minor\u00edas\",\"breadcrumb\":{\"@id\":\"https:\/\/nahuelproducciones.com.ar\/radioquijano\/ariel-gallardo-concejal-mandato-cumplido-cuestiono-el-proyecto-de-reforma-constitucional-presentado-por-la-diputada-griselda-galleguillos\/#breadcrumb\"},\"inLanguage\":\"es\",\"potentialAction\":[{\"@type\":\"ReadAction\",\"target\":[\"https:\/\/nahuelproducciones.com.ar\/radioquijano\/ariel-gallardo-concejal-mandato-cumplido-cuestiono-el-proyecto-de-reforma-constitucional-presentado-por-la-diputada-griselda-galleguillos\/\"]}]},{\"@type\":\"BreadcrumbList\",\"@id\":\"https:\/\/nahuelproducciones.com.ar\/radioquijano\/ariel-gallardo-concejal-mandato-cumplido-cuestiono-el-proyecto-de-reforma-constitucional-presentado-por-la-diputada-griselda-galleguillos\/#breadcrumb\",\"itemListElement\":[{\"@type\":\"ListItem\",\"position\":1,\"name\":\"Portada\",\"item\":\"https:\/\/nahuelproducciones.com.ar\/radioquijano\/\"},{\"@type\":\"ListItem\",\"position\":2,\"name\":\"Ariel Gallardo, concejal mandato cumplido, cuestion\u00f3 el proyecto de reforma constitucional presentado por la diputada Griselda Galleguillos\"}]},{\"@type\":\"WebSite\",\"@id\":\"https:\/\/nahuelproducciones.com.ar\/radioquijano\/#website\",\"url\":\"https:\/\/nahuelproducciones.com.ar\/radioquijano\/\",\"name\":\"RQ 99.9\",\"description\":\"Radio Quijano 99.9 MHz\",\"potentialAction\":[{\"@type\":\"SearchAction\",\"target\":{\"@type\":\"EntryPoint\",\"urlTemplate\":\"https:\/\/nahuelproducciones.com.ar\/radioquijano\/?s={search_term_string}\"},\"query-input\":\"required name=search_term_string\"}],\"inLanguage\":\"es\"},{\"@type\":\"Person\",\"@id\":\"https:\/\/nahuelproducciones.com.ar\/radioquijano\/#\/schema\/person\/e8a4f939e2cb487fe6d0c54042c9d32c\",\"name\":\"Cecilia Pastrana\",\"image\":{\"@type\":\"ImageObject\",\"inLanguage\":\"es\",\"@id\":\"https:\/\/nahuelproducciones.com.ar\/radioquijano\/#\/schema\/person\/image\/\",\"url\":\"https:\/\/secure.gravatar.com\/avatar\/661a3ef63a8488d4f2794ed44af8cf71420f7e106f3072c40125114df5157749?s=96&d=mm&r=g\",\"contentUrl\":\"https:\/\/secure.gravatar.com\/avatar\/661a3ef63a8488d4f2794ed44af8cf71420f7e106f3072c40125114df5157749?s=96&d=mm&r=g\",\"caption\":\"Cecilia Pastrana\"},\"sameAs\":[\"cecy\"],\"url\":\"https:\/\/nahuelproducciones.com.ar\/radioquijano\/author\/cecy\/\"}]}<\/script>\n<!-- \/ Yoast SEO plugin. -->","yoast_head_json":{"title":"Ariel Gallardo, concejal mandato cumplido, cuestion\u00f3 el proyecto de reforma constitucional presentado por la diputada Griselda Galleguillos - RQ 99.9","description":"Se\u00f1al\u00f3 que el sistema propuesto atenta contra la representaci\u00f3n de las minor\u00edas","robots":{"index":"index","follow":"follow","max-snippet":"max-snippet:-1","max-image-preview":"max-image-preview:large","max-video-preview":"max-video-preview:-1"},"canonical":"https:\/\/nahuelproducciones.com.ar\/radioquijano\/ariel-gallardo-concejal-mandato-cumplido-cuestiono-el-proyecto-de-reforma-constitucional-presentado-por-la-diputada-griselda-galleguillos\/","og_locale":"es_ES","og_type":"article","og_title":"Ariel Gallardo, concejal mandato cumplido, cuestion\u00f3 el proyecto de reforma constitucional presentado por la diputada Griselda Galleguillos - RQ 99.9","og_description":"Se\u00f1al\u00f3 que el sistema propuesto atenta contra la representaci\u00f3n de las minor\u00edas","og_url":"https:\/\/nahuelproducciones.com.ar\/radioquijano\/ariel-gallardo-concejal-mandato-cumplido-cuestiono-el-proyecto-de-reforma-constitucional-presentado-por-la-diputada-griselda-galleguillos\/","og_site_name":"RQ 99.9","article_publisher":"https:\/\/www.facebook.com\/nahuelproducciones999\/","article_published_time":"2025-04-09T21:43:22+00:00","article_modified_time":"2025-04-09T21:43:24+00:00","og_image":[{"width":700,"height":745,"url":"https:\/\/nahuelproducciones.com.ar\/radioquijano\/wp-content\/uploads\/2025\/04\/489603752_9661480720580576_3460963154320786474_n-e1744234948175.jpg","type":"image\/jpeg"}],"author":"Cecilia Pastrana","twitter_card":"summary_large_image","twitter_creator":"@nahuproduciones","twitter_site":"@nahuproduciones","twitter_misc":{"Escrito por":"Cecilia Pastrana","Tiempo de lectura":"1 minuto"},"schema":{"@context":"https:\/\/schema.org","@graph":[{"@type":"WebPage","@id":"https:\/\/nahuelproducciones.com.ar\/radioquijano\/ariel-gallardo-concejal-mandato-cumplido-cuestiono-el-proyecto-de-reforma-constitucional-presentado-por-la-diputada-griselda-galleguillos\/","url":"https:\/\/nahuelproducciones.com.ar\/radioquijano\/ariel-gallardo-concejal-mandato-cumplido-cuestiono-el-proyecto-de-reforma-constitucional-presentado-por-la-diputada-griselda-galleguillos\/","name":"Ariel Gallardo, concejal mandato cumplido, cuestion\u00f3 el proyecto de reforma constitucional presentado por la diputada Griselda Galleguillos - RQ 99.9","isPartOf":{"@id":"https:\/\/nahuelproducciones.com.ar\/radioquijano\/#website"},"datePublished":"2025-04-09T21:43:22+00:00","dateModified":"2025-04-09T21:43:24+00:00","author":{"@id":"https:\/\/nahuelproducciones.com.ar\/radioquijano\/#\/schema\/person\/e8a4f939e2cb487fe6d0c54042c9d32c"},"description":"Se\u00f1al\u00f3 que el sistema propuesto atenta contra la representaci\u00f3n de las minor\u00edas","breadcrumb":{"@id":"https:\/\/nahuelproducciones.com.ar\/radioquijano\/ariel-gallardo-concejal-mandato-cumplido-cuestiono-el-proyecto-de-reforma-constitucional-presentado-por-la-diputada-griselda-galleguillos\/#breadcrumb"},"inLanguage":"es","potentialAction":[{"@type":"ReadAction","target":["https:\/\/nahuelproducciones.com.ar\/radioquijano\/ariel-gallardo-concejal-mandato-cumplido-cuestiono-el-proyecto-de-reforma-constitucional-presentado-por-la-diputada-griselda-galleguillos\/"]}]},{"@type":"BreadcrumbList","@id":"https:\/\/nahuelproducciones.com.ar\/radioquijano\/ariel-gallardo-concejal-mandato-cumplido-cuestiono-el-proyecto-de-reforma-constitucional-presentado-por-la-diputada-griselda-galleguillos\/#breadcrumb","itemListElement":[{"@type":"ListItem","position":1,"name":"Portada","item":"https:\/\/nahuelproducciones.com.ar\/radioquijano\/"},{"@type":"ListItem","position":2,"name":"Ariel Gallardo, concejal mandato cumplido, cuestion\u00f3 el proyecto de reforma constitucional presentado por la diputada Griselda Galleguillos"}]},{"@type":"WebSite","@id":"https:\/\/nahuelproducciones.com.ar\/radioquijano\/#website","url":"https:\/\/nahuelproducciones.com.ar\/radioquijano\/","name":"RQ 99.9","description":"Radio Quijano 99.9 MHz","potentialAction":[{"@type":"SearchAction","target":{"@type":"EntryPoint","urlTemplate":"https:\/\/nahuelproducciones.com.ar\/radioquijano\/?s={search_term_string}"},"query-input":"required name=search_term_string"}],"inLanguage":"es"},{"@type":"Person","@id":"https:\/\/nahuelproducciones.com.ar\/radioquijano\/#\/schema\/person\/e8a4f939e2cb487fe6d0c54042c9d32c","name":"Cecilia Pastrana","image":{"@type":"ImageObject","inLanguage":"es","@id":"https:\/\/nahuelproducciones.com.ar\/radioquijano\/#\/schema\/person\/image\/","url":"https:\/\/secure.gravatar.com\/avatar\/661a3ef63a8488d4f2794ed44af8cf71420f7e106f3072c40125114df5157749?s=96&d=mm&r=g","contentUrl":"https:\/\/secure.gravatar.com\/avatar\/661a3ef63a8488d4f2794ed44af8cf71420f7e106f3072c40125114df5157749?s=96&d=mm&r=g","caption":"Cecilia Pastrana"},"sameAs":["cecy"],"url":"https:\/\/nahuelproducciones.com.ar\/radioquijano\/author\/cecy\/"}]}},"_links":{"self":[{"href":"https:\/\/nahuelproducciones.com.ar\/radioquijano\/wp-json\/wp\/v2\/posts\/9941","targetHints":{"allow":["GET"]}}],"collection":[{"href":"https:\/\/nahuelproducciones.com.ar\/radioquijano\/wp-json\/wp\/v2\/posts"}],"about":[{"href":"https:\/\/nahuelproducciones.com.ar\/radioquijano\/wp-json\/wp\/v2\/types\/post"}],"author":[{"embeddable":true,"href":"https:\/\/nahuelproducciones.com.ar\/radioquijano\/wp-json\/wp\/v2\/users\/8"}],"replies":[{"embeddable":true,"href":"https:\/\/nahuelproducciones.com.ar\/radioquijano\/wp-json\/wp\/v2\/comments?post=9941"}],"version-history":[{"count":1,"href":"https:\/\/nahuelproducciones.com.ar\/radioquijano\/wp-json\/wp\/v2\/posts\/9941\/revisions"}],"predecessor-version":[{"id":9944,"href":"https:\/\/nahuelproducciones.com.ar\/radioquijano\/wp-json\/wp\/v2\/posts\/9941\/revisions\/9944"}],"wp:featuredmedia":[{"embeddable":true,"href":"https:\/\/nahuelproducciones.com.ar\/radioquijano\/wp-json\/wp\/v2\/media\/9943"}],"wp:attachment":[{"href":"https:\/\/nahuelproducciones.com.ar\/radioquijano\/wp-json\/wp\/v2\/media?parent=9941"}],"wp:term":[{"taxonomy":"category","embeddable":true,"href":"https:\/\/nahuelproducciones.com.ar\/radioquijano\/wp-json\/wp\/v2\/categories?post=9941"},{"taxonomy":"post_tag","embeddable":true,"href":"https:\/\/nahuelproducciones.com.ar\/radioquijano\/wp-json\/wp\/v2\/tags?post=9941"}],"curies":[{"name":"wp","href":"https:\/\/api.w.org\/{rel}","templated":true}]}}