{"id":9945,"date":"2025-04-09T19:04:13","date_gmt":"2025-04-09T22:04:13","guid":{"rendered":"https:\/\/nahuelproducciones.com.ar\/radioquijano\/?p=9945"},"modified":"2025-04-09T19:04:14","modified_gmt":"2025-04-09T22:04:14","slug":"180-dias-de-silencio-enahu-reclama-respuestas-al-ministerio-de-salud-de-salta-por-operativo-sanitario-en-la-quebrada-del-toro","status":"publish","type":"post","link":"https:\/\/nahuelproducciones.com.ar\/radioquijano\/180-dias-de-silencio-enahu-reclama-respuestas-al-ministerio-de-salud-de-salta-por-operativo-sanitario-en-la-quebrada-del-toro\/","title":{"rendered":"180 d\u00edas de silencio: ENAHU reclama respuestas al Ministerio de Salud de Salta por operativo sanitario en la Quebrada del Toro"},"content":{"rendered":"\n<p><strong>Salta, 9 de abril de 2025.<\/strong>\u200b Despu\u00e9s de seis meses sin respuestas, la organizaci\u00f3n de ayuda m\u00e9dico-humanitaria ENAHU volvi\u00f3 a insistir con una nueva presentaci\u00f3n ante el Ministerio de Salud P\u00fablica de Salta. La nota, ingresada esta semana, fue dirigida a la Subsecretaria de Medicina Social, Lic. Mar\u00eda Gabriela Dorigato, y al Dr. V\u00edctor Gustavo Echaz\u00fa, Coordinador de Asuntos Legales e Institucionales, en busca de destrabar un expediente que, seg\u00fan denuncian, permanece sin avances concretos desde octubre de 2024.<\/p>\n\n\n\n<p>El pedido original solicitaba autorizaci\u00f3n para realizar un operativo sanitario en la Quebrada del Toro con m\u00e9dico personal y de enfermer\u00eda voluntario, adem\u00e1s de aparatolog\u00eda biom\u00e9dica y una farmacia de campa\u00f1a con m\u00e1s de 30,000 medicamentos. Sin embargo, pasados \u200b\u200b180 d\u00edas, no han recibido respuestas oficiales, ni siquiera a la propuesta de sumarse al operativo provincial de salud de marzo, tambi\u00e9n ignorada por las autoridades.<\/p>\n\n\n\n<p>El expediente administrativo N\u00b0 0100321-198841\/2024, aseguran desde ENASHU, \u201cduerme el sue\u00f1o de los justos\u201d, y s\u00f3lo ha tenido movimientos internos sin generar contestaciones formales. \u00abEstamos sorprendidos por la falta de empat\u00eda de los funcionarios intervinientes\u00bb, se\u00f1ala el comunicado de la organizaci\u00f3n, que tambi\u00e9n lamenta no haber podido intervenir durante las cat\u00e1strofes naturales ocurridas en marzo en la Quebrada del Toro y Santa Victoria Este.<\/p>\n\n\n\n<p>Entre los puntos exigidos en la nota reciente, se solicita:<\/p>\n\n\n\n<ul class=\"wp-block-list\">\n<li>Una explicaci\u00f3n sobre las dilataciones y el aparente incumplimiento de deberes de funcionario p\u00fablico.<\/li>\n\n\n\n<li>La entrega completa del expediente, ya que el que fue remitido omite las primeras 59 fojas y documentos clave.<\/li>\n\n\n\n<li>Informaci\u00f3n detallada sobre el estado de las escuelas rurales N\u00b0 4619 y N\u00b0 4587, que no estar\u00edan bajo la jurisdicci\u00f3n del Hospital de Campo Quijano ni de otra instituci\u00f3n.<\/li>\n\n\n\n<li>Datos sobre las poblaciones asistidas en la zona, enfermedades cr\u00f3nicas prevalentes y servicios de salud existentes.<\/li>\n<\/ul>\n\n\n\n<p>La organizaci\u00f3n, que mantiene su compromiso de trabajar gratuitamente en zonas vulnerables del interior salte\u00f1o, ya anunci\u00f3 la planificaci\u00f3n de dos nuevos operativos: uno en la Quebrada del Toro y otro en Santa Victoria Este, previstos para el segundo semestre del a\u00f1o. Adem\u00e1s, anticip\u00f3 que recurrir\u00e1 a organismos internacionales como la OEA, la Comisi\u00f3n Interamericana de Derechos Humanos (CIDH), la Corte Interamericana y UNICEF Argentina, en busca de apoyo ante lo que consideran un \u201cdesgaste burocr\u00e1tico injustificado\u201d.<\/p>\n\n\n\n<p>\u201cSabemos que el verdadero compromiso no necesita permisos. Seguiremos adelante\u201d, concluye el comunicado firmado por el equipo de comunicaci\u00f3n de ENASHU.<\/p>\n\n\n\n<p><strong>Contacto y redes de ENASHU:<\/strong> &#x1f4f1; WhatsApp : +54 9\u200b&#x1f4f7; Instagram : @crisishumanitaria &#x1f4d8; Facebook : @urg\u200b\u200b<br>&#x1f310; <a class=\"\" href=\"https:\/\/www.asistenciahumanitaria.com\">www.asistenciahumanitaria.com<\/a><br>&#x1f4f1; WhatsApp: +54 9 11 5053 4770<br>&#x1f4f7; Instagram: @crisishumanitaria<br>&#x1f4d8; Facebook: @urgenciahumanitaria<\/p>\n","protected":false},"excerpt":{"rendered":"<p>Salta, 9 de abril de 2025.\u200b Despu\u00e9s de seis meses sin respuestas, la organizaci\u00f3n de ayuda m\u00e9dico-humanitaria ENAHU volvi\u00f3 a insistir con una nueva presentaci\u00f3n ante el Ministerio de Salud P\u00fablica de Salta. La nota, ingresada esta semana, fue dirigida a la Subsecretaria de Medicina Social, Lic. Mar\u00eda Gabriela Dorigato, y al Dr. V\u00edctor Gustavo [&hellip;]<\/p>\n","protected":false},"author":8,"featured_media":9946,"comment_status":"open","ping_status":"open","sticky":false,"template":"","format":"standard","meta":{"_monsterinsights_skip_tracking":false,"_monsterinsights_sitenote_active":false,"_monsterinsights_sitenote_note":"","_monsterinsights_sitenote_category":0,"footnotes":""},"categories":[16],"tags":[1596,100],"class_list":["post-9945","post","type-post","status-publish","format-standard","has-post-thumbnail","hentry","category-noticias","tag-asistencia-humanitaria-internacional","tag-municipio-de-campo-quijano"],"yoast_head":"<!-- This site is optimized with the Yoast SEO plugin v20.8 - https:\/\/yoast.com\/wordpress\/plugins\/seo\/ -->\n<title>180 d\u00edas de silencio: ENAHU reclama respuestas al Ministerio de Salud de Salta por operativo sanitario en la Quebrada del Toro - RQ 99.9<\/title>\n<meta name=\"description\" content=\"La organizaci\u00f3n, que mantiene su compromiso de trabajar gratuitamente en zonas vulnerables del interior salte\u00f1o, ya anunci\u00f3 la planificaci\u00f3n de dos nuevos operativos: uno en la Quebrada del Toro y otro en Santa Victoria Este, previstos para el segundo semestre del a\u00f1o.\" \/>\n<meta name=\"robots\" content=\"index, follow, max-snippet:-1, max-image-preview:large, max-video-preview:-1\" \/>\n<link rel=\"canonical\" href=\"https:\/\/nahuelproducciones.com.ar\/radioquijano\/180-dias-de-silencio-enahu-reclama-respuestas-al-ministerio-de-salud-de-salta-por-operativo-sanitario-en-la-quebrada-del-toro\/\" \/>\n<meta property=\"og:locale\" content=\"es_ES\" \/>\n<meta property=\"og:type\" content=\"article\" \/>\n<meta property=\"og:title\" content=\"180 d\u00edas de silencio: ENAHU reclama respuestas al Ministerio de Salud de Salta por operativo sanitario en la Quebrada del Toro - RQ 99.9\" \/>\n<meta property=\"og:description\" content=\"La organizaci\u00f3n, que mantiene su compromiso de trabajar gratuitamente en zonas vulnerables del interior salte\u00f1o, ya anunci\u00f3 la planificaci\u00f3n de dos nuevos operativos: uno en la Quebrada del Toro y otro en Santa Victoria Este, previstos para el segundo semestre del a\u00f1o.\" \/>\n<meta property=\"og:url\" content=\"https:\/\/nahuelproducciones.com.ar\/radioquijano\/180-dias-de-silencio-enahu-reclama-respuestas-al-ministerio-de-salud-de-salta-por-operativo-sanitario-en-la-quebrada-del-toro\/\" \/>\n<meta property=\"og:site_name\" content=\"RQ 99.9\" \/>\n<meta property=\"article:publisher\" content=\"https:\/\/www.facebook.com\/nahuelproducciones999\/\" \/>\n<meta property=\"article:published_time\" content=\"2025-04-09T22:04:13+00:00\" \/>\n<meta property=\"article:modified_time\" content=\"2025-04-09T22:04:14+00:00\" \/>\n<meta property=\"og:image\" content=\"https:\/\/nahuelproducciones.com.ar\/radioquijano\/wp-content\/uploads\/2025\/04\/WhatsApp-Image-2025-04-09-at-6.57.52-PM-e1744236244370.jpeg\" \/>\n\t<meta property=\"og:image:width\" content=\"700\" \/>\n\t<meta property=\"og:image:height\" content=\"541\" \/>\n\t<meta property=\"og:image:type\" content=\"image\/jpeg\" \/>\n<meta name=\"author\" content=\"Cecilia Pastrana\" \/>\n<meta name=\"twitter:card\" content=\"summary_large_image\" \/>\n<meta name=\"twitter:creator\" content=\"@nahuproduciones\" \/>\n<meta name=\"twitter:site\" content=\"@nahuproduciones\" \/>\n<meta name=\"twitter:label1\" content=\"Escrito por\" \/>\n\t<meta name=\"twitter:data1\" content=\"Cecilia Pastrana\" \/>\n\t<meta name=\"twitter:label2\" content=\"Tiempo de lectura\" \/>\n\t<meta name=\"twitter:data2\" content=\"2 minutos\" \/>\n<script type=\"application\/ld+json\" class=\"yoast-schema-graph\">{\"@context\":\"https:\/\/schema.org\",\"@graph\":[{\"@type\":\"WebPage\",\"@id\":\"https:\/\/nahuelproducciones.com.ar\/radioquijano\/180-dias-de-silencio-enahu-reclama-respuestas-al-ministerio-de-salud-de-salta-por-operativo-sanitario-en-la-quebrada-del-toro\/\",\"url\":\"https:\/\/nahuelproducciones.com.ar\/radioquijano\/180-dias-de-silencio-enahu-reclama-respuestas-al-ministerio-de-salud-de-salta-por-operativo-sanitario-en-la-quebrada-del-toro\/\",\"name\":\"180 d\u00edas de silencio: ENAHU reclama respuestas al Ministerio de Salud de Salta por operativo sanitario en la Quebrada del Toro - RQ 99.9\",\"isPartOf\":{\"@id\":\"https:\/\/nahuelproducciones.com.ar\/radioquijano\/#website\"},\"datePublished\":\"2025-04-09T22:04:13+00:00\",\"dateModified\":\"2025-04-09T22:04:14+00:00\",\"author\":{\"@id\":\"https:\/\/nahuelproducciones.com.ar\/radioquijano\/#\/schema\/person\/e8a4f939e2cb487fe6d0c54042c9d32c\"},\"description\":\"La organizaci\u00f3n, que mantiene su compromiso de trabajar gratuitamente en zonas vulnerables del interior salte\u00f1o, ya anunci\u00f3 la planificaci\u00f3n de dos nuevos operativos: uno en la Quebrada del Toro y otro en Santa Victoria Este, previstos para el segundo semestre del a\u00f1o.\",\"breadcrumb\":{\"@id\":\"https:\/\/nahuelproducciones.com.ar\/radioquijano\/180-dias-de-silencio-enahu-reclama-respuestas-al-ministerio-de-salud-de-salta-por-operativo-sanitario-en-la-quebrada-del-toro\/#breadcrumb\"},\"inLanguage\":\"es\",\"potentialAction\":[{\"@type\":\"ReadAction\",\"target\":[\"https:\/\/nahuelproducciones.com.ar\/radioquijano\/180-dias-de-silencio-enahu-reclama-respuestas-al-ministerio-de-salud-de-salta-por-operativo-sanitario-en-la-quebrada-del-toro\/\"]}]},{\"@type\":\"BreadcrumbList\",\"@id\":\"https:\/\/nahuelproducciones.com.ar\/radioquijano\/180-dias-de-silencio-enahu-reclama-respuestas-al-ministerio-de-salud-de-salta-por-operativo-sanitario-en-la-quebrada-del-toro\/#breadcrumb\",\"itemListElement\":[{\"@type\":\"ListItem\",\"position\":1,\"name\":\"Portada\",\"item\":\"https:\/\/nahuelproducciones.com.ar\/radioquijano\/\"},{\"@type\":\"ListItem\",\"position\":2,\"name\":\"180 d\u00edas de silencio: ENAHU reclama respuestas al Ministerio de Salud de Salta por operativo sanitario en la Quebrada del Toro\"}]},{\"@type\":\"WebSite\",\"@id\":\"https:\/\/nahuelproducciones.com.ar\/radioquijano\/#website\",\"url\":\"https:\/\/nahuelproducciones.com.ar\/radioquijano\/\",\"name\":\"RQ 99.9\",\"description\":\"Radio Quijano 99.9 MHz\",\"potentialAction\":[{\"@type\":\"SearchAction\",\"target\":{\"@type\":\"EntryPoint\",\"urlTemplate\":\"https:\/\/nahuelproducciones.com.ar\/radioquijano\/?s={search_term_string}\"},\"query-input\":\"required name=search_term_string\"}],\"inLanguage\":\"es\"},{\"@type\":\"Person\",\"@id\":\"https:\/\/nahuelproducciones.com.ar\/radioquijano\/#\/schema\/person\/e8a4f939e2cb487fe6d0c54042c9d32c\",\"name\":\"Cecilia Pastrana\",\"image\":{\"@type\":\"ImageObject\",\"inLanguage\":\"es\",\"@id\":\"https:\/\/nahuelproducciones.com.ar\/radioquijano\/#\/schema\/person\/image\/\",\"url\":\"https:\/\/secure.gravatar.com\/avatar\/661a3ef63a8488d4f2794ed44af8cf71420f7e106f3072c40125114df5157749?s=96&d=mm&r=g\",\"contentUrl\":\"https:\/\/secure.gravatar.com\/avatar\/661a3ef63a8488d4f2794ed44af8cf71420f7e106f3072c40125114df5157749?s=96&d=mm&r=g\",\"caption\":\"Cecilia Pastrana\"},\"sameAs\":[\"cecy\"],\"url\":\"https:\/\/nahuelproducciones.com.ar\/radioquijano\/author\/cecy\/\"}]}<\/script>\n<!-- \/ Yoast SEO plugin. -->","yoast_head_json":{"title":"180 d\u00edas de silencio: ENAHU reclama respuestas al Ministerio de Salud de Salta por operativo sanitario en la Quebrada del Toro - RQ 99.9","description":"La organizaci\u00f3n, que mantiene su compromiso de trabajar gratuitamente en zonas vulnerables del interior salte\u00f1o, ya anunci\u00f3 la planificaci\u00f3n de dos nuevos operativos: uno en la Quebrada del Toro y otro en Santa Victoria Este, previstos para el segundo semestre del a\u00f1o.","robots":{"index":"index","follow":"follow","max-snippet":"max-snippet:-1","max-image-preview":"max-image-preview:large","max-video-preview":"max-video-preview:-1"},"canonical":"https:\/\/nahuelproducciones.com.ar\/radioquijano\/180-dias-de-silencio-enahu-reclama-respuestas-al-ministerio-de-salud-de-salta-por-operativo-sanitario-en-la-quebrada-del-toro\/","og_locale":"es_ES","og_type":"article","og_title":"180 d\u00edas de silencio: ENAHU reclama respuestas al Ministerio de Salud de Salta por operativo sanitario en la Quebrada del Toro - RQ 99.9","og_description":"La organizaci\u00f3n, que mantiene su compromiso de trabajar gratuitamente en zonas vulnerables del interior salte\u00f1o, ya anunci\u00f3 la planificaci\u00f3n de dos nuevos operativos: uno en la Quebrada del Toro y otro en Santa Victoria Este, previstos para el segundo semestre del a\u00f1o.","og_url":"https:\/\/nahuelproducciones.com.ar\/radioquijano\/180-dias-de-silencio-enahu-reclama-respuestas-al-ministerio-de-salud-de-salta-por-operativo-sanitario-en-la-quebrada-del-toro\/","og_site_name":"RQ 99.9","article_publisher":"https:\/\/www.facebook.com\/nahuelproducciones999\/","article_published_time":"2025-04-09T22:04:13+00:00","article_modified_time":"2025-04-09T22:04:14+00:00","og_image":[{"width":700,"height":541,"url":"https:\/\/nahuelproducciones.com.ar\/radioquijano\/wp-content\/uploads\/2025\/04\/WhatsApp-Image-2025-04-09-at-6.57.52-PM-e1744236244370.jpeg","type":"image\/jpeg"}],"author":"Cecilia Pastrana","twitter_card":"summary_large_image","twitter_creator":"@nahuproduciones","twitter_site":"@nahuproduciones","twitter_misc":{"Escrito por":"Cecilia Pastrana","Tiempo de lectura":"2 minutos"},"schema":{"@context":"https:\/\/schema.org","@graph":[{"@type":"WebPage","@id":"https:\/\/nahuelproducciones.com.ar\/radioquijano\/180-dias-de-silencio-enahu-reclama-respuestas-al-ministerio-de-salud-de-salta-por-operativo-sanitario-en-la-quebrada-del-toro\/","url":"https:\/\/nahuelproducciones.com.ar\/radioquijano\/180-dias-de-silencio-enahu-reclama-respuestas-al-ministerio-de-salud-de-salta-por-operativo-sanitario-en-la-quebrada-del-toro\/","name":"180 d\u00edas de silencio: ENAHU reclama respuestas al Ministerio de Salud de Salta por operativo sanitario en la Quebrada del Toro - RQ 99.9","isPartOf":{"@id":"https:\/\/nahuelproducciones.com.ar\/radioquijano\/#website"},"datePublished":"2025-04-09T22:04:13+00:00","dateModified":"2025-04-09T22:04:14+00:00","author":{"@id":"https:\/\/nahuelproducciones.com.ar\/radioquijano\/#\/schema\/person\/e8a4f939e2cb487fe6d0c54042c9d32c"},"description":"La organizaci\u00f3n, que mantiene su compromiso de trabajar gratuitamente en zonas vulnerables del interior salte\u00f1o, ya anunci\u00f3 la planificaci\u00f3n de dos nuevos operativos: uno en la Quebrada del Toro y otro en Santa Victoria Este, previstos para el segundo semestre del a\u00f1o.","breadcrumb":{"@id":"https:\/\/nahuelproducciones.com.ar\/radioquijano\/180-dias-de-silencio-enahu-reclama-respuestas-al-ministerio-de-salud-de-salta-por-operativo-sanitario-en-la-quebrada-del-toro\/#breadcrumb"},"inLanguage":"es","potentialAction":[{"@type":"ReadAction","target":["https:\/\/nahuelproducciones.com.ar\/radioquijano\/180-dias-de-silencio-enahu-reclama-respuestas-al-ministerio-de-salud-de-salta-por-operativo-sanitario-en-la-quebrada-del-toro\/"]}]},{"@type":"BreadcrumbList","@id":"https:\/\/nahuelproducciones.com.ar\/radioquijano\/180-dias-de-silencio-enahu-reclama-respuestas-al-ministerio-de-salud-de-salta-por-operativo-sanitario-en-la-quebrada-del-toro\/#breadcrumb","itemListElement":[{"@type":"ListItem","position":1,"name":"Portada","item":"https:\/\/nahuelproducciones.com.ar\/radioquijano\/"},{"@type":"ListItem","position":2,"name":"180 d\u00edas de silencio: ENAHU reclama respuestas al Ministerio de Salud de Salta por operativo sanitario en la Quebrada del Toro"}]},{"@type":"WebSite","@id":"https:\/\/nahuelproducciones.com.ar\/radioquijano\/#website","url":"https:\/\/nahuelproducciones.com.ar\/radioquijano\/","name":"RQ 99.9","description":"Radio Quijano 99.9 MHz","potentialAction":[{"@type":"SearchAction","target":{"@type":"EntryPoint","urlTemplate":"https:\/\/nahuelproducciones.com.ar\/radioquijano\/?s={search_term_string}"},"query-input":"required name=search_term_string"}],"inLanguage":"es"},{"@type":"Person","@id":"https:\/\/nahuelproducciones.com.ar\/radioquijano\/#\/schema\/person\/e8a4f939e2cb487fe6d0c54042c9d32c","name":"Cecilia Pastrana","image":{"@type":"ImageObject","inLanguage":"es","@id":"https:\/\/nahuelproducciones.com.ar\/radioquijano\/#\/schema\/person\/image\/","url":"https:\/\/secure.gravatar.com\/avatar\/661a3ef63a8488d4f2794ed44af8cf71420f7e106f3072c40125114df5157749?s=96&d=mm&r=g","contentUrl":"https:\/\/secure.gravatar.com\/avatar\/661a3ef63a8488d4f2794ed44af8cf71420f7e106f3072c40125114df5157749?s=96&d=mm&r=g","caption":"Cecilia Pastrana"},"sameAs":["cecy"],"url":"https:\/\/nahuelproducciones.com.ar\/radioquijano\/author\/cecy\/"}]}},"_links":{"self":[{"href":"https:\/\/nahuelproducciones.com.ar\/radioquijano\/wp-json\/wp\/v2\/posts\/9945","targetHints":{"allow":["GET"]}}],"collection":[{"href":"https:\/\/nahuelproducciones.com.ar\/radioquijano\/wp-json\/wp\/v2\/posts"}],"about":[{"href":"https:\/\/nahuelproducciones.com.ar\/radioquijano\/wp-json\/wp\/v2\/types\/post"}],"author":[{"embeddable":true,"href":"https:\/\/nahuelproducciones.com.ar\/radioquijano\/wp-json\/wp\/v2\/users\/8"}],"replies":[{"embeddable":true,"href":"https:\/\/nahuelproducciones.com.ar\/radioquijano\/wp-json\/wp\/v2\/comments?post=9945"}],"version-history":[{"count":1,"href":"https:\/\/nahuelproducciones.com.ar\/radioquijano\/wp-json\/wp\/v2\/posts\/9945\/revisions"}],"predecessor-version":[{"id":9947,"href":"https:\/\/nahuelproducciones.com.ar\/radioquijano\/wp-json\/wp\/v2\/posts\/9945\/revisions\/9947"}],"wp:featuredmedia":[{"embeddable":true,"href":"https:\/\/nahuelproducciones.com.ar\/radioquijano\/wp-json\/wp\/v2\/media\/9946"}],"wp:attachment":[{"href":"https:\/\/nahuelproducciones.com.ar\/radioquijano\/wp-json\/wp\/v2\/media?parent=9945"}],"wp:term":[{"taxonomy":"category","embeddable":true,"href":"https:\/\/nahuelproducciones.com.ar\/radioquijano\/wp-json\/wp\/v2\/categories?post=9945"},{"taxonomy":"post_tag","embeddable":true,"href":"https:\/\/nahuelproducciones.com.ar\/radioquijano\/wp-json\/wp\/v2\/tags?post=9945"}],"curies":[{"name":"wp","href":"https:\/\/api.w.org\/{rel}","templated":true}]}}