{"id":998,"date":"2021-06-06T01:07:59","date_gmt":"2021-06-06T04:07:59","guid":{"rendered":"https:\/\/nahuelproducciones.com.ar\/radioquijano\/?p=998"},"modified":"2021-06-06T10:23:11","modified_gmt":"2021-06-06T13:23:11","slug":"operativo-de-vacunacion-covid-19-a-mayores-de-45-anos","status":"publish","type":"post","link":"https:\/\/nahuelproducciones.com.ar\/radioquijano\/operativo-de-vacunacion-covid-19-a-mayores-de-45-anos\/","title":{"rendered":"Operativo de vacunaci\u00f3n COVID-19 a mayores de 45 a\u00f1os"},"content":{"rendered":"\n<p>El&nbsp;<strong>Hospital Dr. Francisco Herrera de Campo Qujano<\/strong>&nbsp;contin\u00faa , el domingo 6 de junio de  10:00hs a 13:00 hs con el operativo de intensificaci\u00f3n de&nbsp;<strong>vacunaci\u00f3n<\/strong>&nbsp;contra la&nbsp;<strong>COVID-19<\/strong>. <\/p>\n\n\n\n<p> En todos los casos, la inoculaci\u00f3n de la primera dosis, a demanda,  est\u00e1 dirigida a los mayores de 45&nbsp;a\u00f1os o m\u00e1s  que deber\u00e1n presentarse con DNI en el sector de APS.<\/p>\n\n\n\n<p>En el d\u00eda de ayer s\u00e1bado 5 estuvieron vacunando hasta las 17 hs en el  <a href=\"https:\/\/www.facebook.com\/Hospital-Dr-Francisco-Herrera-Campo-Quijano-2476193842413482\">Hospital Dr. Francisco Herrera<\/a>, en el Puesto de Salud del Portal, en el Centro de Salud la Silleta, en el Puesto Sanitario Villa Lola y se concreto la aplicaci\u00f3n de 420 dosis.<\/p>\n\n\n\n<p>Para el grupo de 18 a 49 a\u00f1os con enfermedades cr\u00f3nicas deben presentarse  con certificaci\u00f3n m\u00e9dica. Tambien corresponde a Obesidad Tipo 2 y 3, para ello se tomara en el mismo vacunatorio el \u00edndice de masa corporal.<\/p>\n\n\n\n<p><a href=\"#RQ99.9Mhz\">#RQ99.9Mhz<\/a>  <a href=\"http:\/\/acebook.com\/nahuelproducciones999\/?ref=pages_you_manage\">CampoQuijano<\/a> <\/p>\n\n\n\n<div class=\"wp-block-image\"><figure class=\"aligncenter is-resized\"><img loading=\"lazy\" decoding=\"async\" src=\"https:\/\/scontent.ftuc1-2.fna.fbcdn.net\/v\/t1.6435-0\/p180x540\/124179082_3775758629123657_2671473144574385878_n.jpg?_nc_cat=102&amp;ccb=1-3&amp;_nc_sid=8bfeb9&amp;_nc_eui2=AeHCGC-9PAFyfqxlLR2MVffM7tDF9aCZx2fu0MX1oJnHZyj3Hu8zGjX5t_seSy6Cof8&amp;_nc_ohc=jUcLIcFrmPIAX9S6auL&amp;_nc_ht=scontent.ftuc1-2.fna&amp;tp=6&amp;oh=c177975f92b826d443d9979af3529e8f&amp;oe=60E185B5\" alt=\"\" width=\"348\" height=\"195\"\/><\/figure><\/div>\n","protected":false},"excerpt":{"rendered":"<p>El&nbsp;Hospital Dr. Francisco Herrera de Campo Qujano&nbsp;contin\u00faa , el domingo 6 de junio de 10:00hs a 13:00 hs con el operativo de intensificaci\u00f3n de&nbsp;vacunaci\u00f3n&nbsp;contra la&nbsp;COVID-19. En todos los casos, la inoculaci\u00f3n de la primera dosis, a demanda, est\u00e1 dirigida a los mayores de 45&nbsp;a\u00f1os o m\u00e1s que deber\u00e1n presentarse con DNI en el sector de [&hellip;]<\/p>\n","protected":false},"author":8,"featured_media":999,"comment_status":"open","ping_status":"open","sticky":false,"template":"","format":"standard","meta":{"_monsterinsights_skip_tracking":false,"_monsterinsights_sitenote_active":false,"_monsterinsights_sitenote_note":"","_monsterinsights_sitenote_category":0,"footnotes":""},"categories":[18,16],"tags":[42,80],"class_list":["post-998","post","type-post","status-publish","format-standard","has-post-thumbnail","hentry","category-covid-19","category-noticias","tag-hospital-francisco-herrera","tag-vacunacion-covid19"],"yoast_head":"<!-- This site is optimized with the Yoast SEO plugin v20.8 - https:\/\/yoast.com\/wordpress\/plugins\/seo\/ -->\n<title>Operativo de vacunaci\u00f3n COVID-19 a mayores de 45 a\u00f1os - RQ 99.9<\/title>\n<meta name=\"description\" content=\"Domingo 6 de junio de 10:00hs a 13:00 hs, para mayores de 45 a\u00f1os o m\u00e1s que deber\u00e1n presentarse con DNI.\" \/>\n<meta name=\"robots\" content=\"index, follow, max-snippet:-1, max-image-preview:large, max-video-preview:-1\" \/>\n<link rel=\"canonical\" href=\"https:\/\/nahuelproducciones.com.ar\/radioquijano\/operativo-de-vacunacion-covid-19-a-mayores-de-45-anos\/\" \/>\n<meta property=\"og:locale\" content=\"es_ES\" \/>\n<meta property=\"og:type\" content=\"article\" \/>\n<meta property=\"og:title\" content=\"Operativo de vacunaci\u00f3n COVID-19 a mayores de 45 a\u00f1os - RQ 99.9\" \/>\n<meta property=\"og:description\" content=\"Domingo 6 de junio de 10:00hs a 13:00 hs, para mayores de 45 a\u00f1os o m\u00e1s que deber\u00e1n presentarse con DNI.\" \/>\n<meta property=\"og:url\" content=\"https:\/\/nahuelproducciones.com.ar\/radioquijano\/operativo-de-vacunacion-covid-19-a-mayores-de-45-anos\/\" \/>\n<meta property=\"og:site_name\" content=\"RQ 99.9\" \/>\n<meta property=\"article:publisher\" content=\"https:\/\/www.facebook.com\/nahuelproducciones999\/\" \/>\n<meta property=\"article:published_time\" content=\"2021-06-06T04:07:59+00:00\" \/>\n<meta property=\"article:modified_time\" content=\"2021-06-06T13:23:11+00:00\" \/>\n<meta property=\"og:image\" content=\"https:\/\/nahuelproducciones.com.ar\/radioquijano\/wp-content\/uploads\/2021\/06\/aps-vacunacion.jpg\" \/>\n\t<meta property=\"og:image:width\" content=\"700\" \/>\n\t<meta property=\"og:image:height\" content=\"350\" \/>\n\t<meta property=\"og:image:type\" content=\"image\/jpeg\" \/>\n<meta name=\"author\" content=\"Cecilia Pastrana\" \/>\n<meta name=\"twitter:card\" content=\"summary_large_image\" \/>\n<meta name=\"twitter:creator\" content=\"@nahuproduciones\" \/>\n<meta name=\"twitter:site\" content=\"@nahuproduciones\" \/>\n<meta name=\"twitter:label1\" content=\"Escrito por\" \/>\n\t<meta name=\"twitter:data1\" content=\"Cecilia Pastrana\" \/>\n\t<meta name=\"twitter:label2\" content=\"Tiempo de lectura\" \/>\n\t<meta name=\"twitter:data2\" content=\"1 minuto\" \/>\n<script type=\"application\/ld+json\" class=\"yoast-schema-graph\">{\"@context\":\"https:\/\/schema.org\",\"@graph\":[{\"@type\":\"WebPage\",\"@id\":\"https:\/\/nahuelproducciones.com.ar\/radioquijano\/operativo-de-vacunacion-covid-19-a-mayores-de-45-anos\/\",\"url\":\"https:\/\/nahuelproducciones.com.ar\/radioquijano\/operativo-de-vacunacion-covid-19-a-mayores-de-45-anos\/\",\"name\":\"Operativo de vacunaci\u00f3n COVID-19 a mayores de 45 a\u00f1os - RQ 99.9\",\"isPartOf\":{\"@id\":\"https:\/\/nahuelproducciones.com.ar\/radioquijano\/#website\"},\"datePublished\":\"2021-06-06T04:07:59+00:00\",\"dateModified\":\"2021-06-06T13:23:11+00:00\",\"author\":{\"@id\":\"https:\/\/nahuelproducciones.com.ar\/radioquijano\/#\/schema\/person\/e8a4f939e2cb487fe6d0c54042c9d32c\"},\"description\":\"Domingo 6 de junio de 10:00hs a 13:00 hs, para mayores de 45 a\u00f1os o m\u00e1s que deber\u00e1n presentarse con DNI.\",\"breadcrumb\":{\"@id\":\"https:\/\/nahuelproducciones.com.ar\/radioquijano\/operativo-de-vacunacion-covid-19-a-mayores-de-45-anos\/#breadcrumb\"},\"inLanguage\":\"es\",\"potentialAction\":[{\"@type\":\"ReadAction\",\"target\":[\"https:\/\/nahuelproducciones.com.ar\/radioquijano\/operativo-de-vacunacion-covid-19-a-mayores-de-45-anos\/\"]}]},{\"@type\":\"BreadcrumbList\",\"@id\":\"https:\/\/nahuelproducciones.com.ar\/radioquijano\/operativo-de-vacunacion-covid-19-a-mayores-de-45-anos\/#breadcrumb\",\"itemListElement\":[{\"@type\":\"ListItem\",\"position\":1,\"name\":\"Portada\",\"item\":\"https:\/\/nahuelproducciones.com.ar\/radioquijano\/\"},{\"@type\":\"ListItem\",\"position\":2,\"name\":\"Operativo de vacunaci\u00f3n COVID-19 a mayores de 45 a\u00f1os\"}]},{\"@type\":\"WebSite\",\"@id\":\"https:\/\/nahuelproducciones.com.ar\/radioquijano\/#website\",\"url\":\"https:\/\/nahuelproducciones.com.ar\/radioquijano\/\",\"name\":\"RQ 99.9\",\"description\":\"Radio Quijano 99.9 MHz\",\"potentialAction\":[{\"@type\":\"SearchAction\",\"target\":{\"@type\":\"EntryPoint\",\"urlTemplate\":\"https:\/\/nahuelproducciones.com.ar\/radioquijano\/?s={search_term_string}\"},\"query-input\":\"required name=search_term_string\"}],\"inLanguage\":\"es\"},{\"@type\":\"Person\",\"@id\":\"https:\/\/nahuelproducciones.com.ar\/radioquijano\/#\/schema\/person\/e8a4f939e2cb487fe6d0c54042c9d32c\",\"name\":\"Cecilia Pastrana\",\"image\":{\"@type\":\"ImageObject\",\"inLanguage\":\"es\",\"@id\":\"https:\/\/nahuelproducciones.com.ar\/radioquijano\/#\/schema\/person\/image\/\",\"url\":\"https:\/\/secure.gravatar.com\/avatar\/661a3ef63a8488d4f2794ed44af8cf71420f7e106f3072c40125114df5157749?s=96&d=mm&r=g\",\"contentUrl\":\"https:\/\/secure.gravatar.com\/avatar\/661a3ef63a8488d4f2794ed44af8cf71420f7e106f3072c40125114df5157749?s=96&d=mm&r=g\",\"caption\":\"Cecilia Pastrana\"},\"sameAs\":[\"cecy\"],\"url\":\"https:\/\/nahuelproducciones.com.ar\/radioquijano\/author\/cecy\/\"}]}<\/script>\n<!-- \/ Yoast SEO plugin. -->","yoast_head_json":{"title":"Operativo de vacunaci\u00f3n COVID-19 a mayores de 45 a\u00f1os - RQ 99.9","description":"Domingo 6 de junio de 10:00hs a 13:00 hs, para mayores de 45 a\u00f1os o m\u00e1s que deber\u00e1n presentarse con DNI.","robots":{"index":"index","follow":"follow","max-snippet":"max-snippet:-1","max-image-preview":"max-image-preview:large","max-video-preview":"max-video-preview:-1"},"canonical":"https:\/\/nahuelproducciones.com.ar\/radioquijano\/operativo-de-vacunacion-covid-19-a-mayores-de-45-anos\/","og_locale":"es_ES","og_type":"article","og_title":"Operativo de vacunaci\u00f3n COVID-19 a mayores de 45 a\u00f1os - RQ 99.9","og_description":"Domingo 6 de junio de 10:00hs a 13:00 hs, para mayores de 45 a\u00f1os o m\u00e1s que deber\u00e1n presentarse con DNI.","og_url":"https:\/\/nahuelproducciones.com.ar\/radioquijano\/operativo-de-vacunacion-covid-19-a-mayores-de-45-anos\/","og_site_name":"RQ 99.9","article_publisher":"https:\/\/www.facebook.com\/nahuelproducciones999\/","article_published_time":"2021-06-06T04:07:59+00:00","article_modified_time":"2021-06-06T13:23:11+00:00","og_image":[{"width":700,"height":350,"url":"https:\/\/nahuelproducciones.com.ar\/radioquijano\/wp-content\/uploads\/2021\/06\/aps-vacunacion.jpg","type":"image\/jpeg"}],"author":"Cecilia Pastrana","twitter_card":"summary_large_image","twitter_creator":"@nahuproduciones","twitter_site":"@nahuproduciones","twitter_misc":{"Escrito por":"Cecilia Pastrana","Tiempo de lectura":"1 minuto"},"schema":{"@context":"https:\/\/schema.org","@graph":[{"@type":"WebPage","@id":"https:\/\/nahuelproducciones.com.ar\/radioquijano\/operativo-de-vacunacion-covid-19-a-mayores-de-45-anos\/","url":"https:\/\/nahuelproducciones.com.ar\/radioquijano\/operativo-de-vacunacion-covid-19-a-mayores-de-45-anos\/","name":"Operativo de vacunaci\u00f3n COVID-19 a mayores de 45 a\u00f1os - RQ 99.9","isPartOf":{"@id":"https:\/\/nahuelproducciones.com.ar\/radioquijano\/#website"},"datePublished":"2021-06-06T04:07:59+00:00","dateModified":"2021-06-06T13:23:11+00:00","author":{"@id":"https:\/\/nahuelproducciones.com.ar\/radioquijano\/#\/schema\/person\/e8a4f939e2cb487fe6d0c54042c9d32c"},"description":"Domingo 6 de junio de 10:00hs a 13:00 hs, para mayores de 45 a\u00f1os o m\u00e1s que deber\u00e1n presentarse con DNI.","breadcrumb":{"@id":"https:\/\/nahuelproducciones.com.ar\/radioquijano\/operativo-de-vacunacion-covid-19-a-mayores-de-45-anos\/#breadcrumb"},"inLanguage":"es","potentialAction":[{"@type":"ReadAction","target":["https:\/\/nahuelproducciones.com.ar\/radioquijano\/operativo-de-vacunacion-covid-19-a-mayores-de-45-anos\/"]}]},{"@type":"BreadcrumbList","@id":"https:\/\/nahuelproducciones.com.ar\/radioquijano\/operativo-de-vacunacion-covid-19-a-mayores-de-45-anos\/#breadcrumb","itemListElement":[{"@type":"ListItem","position":1,"name":"Portada","item":"https:\/\/nahuelproducciones.com.ar\/radioquijano\/"},{"@type":"ListItem","position":2,"name":"Operativo de vacunaci\u00f3n COVID-19 a mayores de 45 a\u00f1os"}]},{"@type":"WebSite","@id":"https:\/\/nahuelproducciones.com.ar\/radioquijano\/#website","url":"https:\/\/nahuelproducciones.com.ar\/radioquijano\/","name":"RQ 99.9","description":"Radio Quijano 99.9 MHz","potentialAction":[{"@type":"SearchAction","target":{"@type":"EntryPoint","urlTemplate":"https:\/\/nahuelproducciones.com.ar\/radioquijano\/?s={search_term_string}"},"query-input":"required name=search_term_string"}],"inLanguage":"es"},{"@type":"Person","@id":"https:\/\/nahuelproducciones.com.ar\/radioquijano\/#\/schema\/person\/e8a4f939e2cb487fe6d0c54042c9d32c","name":"Cecilia Pastrana","image":{"@type":"ImageObject","inLanguage":"es","@id":"https:\/\/nahuelproducciones.com.ar\/radioquijano\/#\/schema\/person\/image\/","url":"https:\/\/secure.gravatar.com\/avatar\/661a3ef63a8488d4f2794ed44af8cf71420f7e106f3072c40125114df5157749?s=96&d=mm&r=g","contentUrl":"https:\/\/secure.gravatar.com\/avatar\/661a3ef63a8488d4f2794ed44af8cf71420f7e106f3072c40125114df5157749?s=96&d=mm&r=g","caption":"Cecilia Pastrana"},"sameAs":["cecy"],"url":"https:\/\/nahuelproducciones.com.ar\/radioquijano\/author\/cecy\/"}]}},"_links":{"self":[{"href":"https:\/\/nahuelproducciones.com.ar\/radioquijano\/wp-json\/wp\/v2\/posts\/998","targetHints":{"allow":["GET"]}}],"collection":[{"href":"https:\/\/nahuelproducciones.com.ar\/radioquijano\/wp-json\/wp\/v2\/posts"}],"about":[{"href":"https:\/\/nahuelproducciones.com.ar\/radioquijano\/wp-json\/wp\/v2\/types\/post"}],"author":[{"embeddable":true,"href":"https:\/\/nahuelproducciones.com.ar\/radioquijano\/wp-json\/wp\/v2\/users\/8"}],"replies":[{"embeddable":true,"href":"https:\/\/nahuelproducciones.com.ar\/radioquijano\/wp-json\/wp\/v2\/comments?post=998"}],"version-history":[{"count":2,"href":"https:\/\/nahuelproducciones.com.ar\/radioquijano\/wp-json\/wp\/v2\/posts\/998\/revisions"}],"predecessor-version":[{"id":1001,"href":"https:\/\/nahuelproducciones.com.ar\/radioquijano\/wp-json\/wp\/v2\/posts\/998\/revisions\/1001"}],"wp:featuredmedia":[{"embeddable":true,"href":"https:\/\/nahuelproducciones.com.ar\/radioquijano\/wp-json\/wp\/v2\/media\/999"}],"wp:attachment":[{"href":"https:\/\/nahuelproducciones.com.ar\/radioquijano\/wp-json\/wp\/v2\/media?parent=998"}],"wp:term":[{"taxonomy":"category","embeddable":true,"href":"https:\/\/nahuelproducciones.com.ar\/radioquijano\/wp-json\/wp\/v2\/categories?post=998"},{"taxonomy":"post_tag","embeddable":true,"href":"https:\/\/nahuelproducciones.com.ar\/radioquijano\/wp-json\/wp\/v2\/tags?post=998"}],"curies":[{"name":"wp","href":"https:\/\/api.w.org\/{rel}","templated":true}]}}