{"id":9990,"date":"2025-04-16T22:00:30","date_gmt":"2025-04-17T01:00:30","guid":{"rendered":"https:\/\/nahuelproducciones.com.ar\/radioquijano\/?p=9990"},"modified":"2025-04-17T11:09:56","modified_gmt":"2025-04-17T14:09:56","slug":"campo-quijano-fuera-del-calendario-turistico-de-semana-santa-la-consecuencia-de-la-desidia-institucional","status":"publish","type":"post","link":"https:\/\/nahuelproducciones.com.ar\/radioquijano\/campo-quijano-fuera-del-calendario-turistico-de-semana-santa-la-consecuencia-de-la-desidia-institucional\/","title":{"rendered":"Campo Quijano, fuera del calendario tur\u00edstico de Semana Santa: la consecuencia de la desidia institucional"},"content":{"rendered":"\n<p><em>Campo Quijano, Salta.<\/em><br>La ausencia de Campo Quijano en el calendario oficial de actividades tur\u00edsticas de Semana Santa publicado por el Ministerio de Turismo de Salta no es un simple olvido: es el reflejo de la falta de planificaci\u00f3n, gesti\u00f3n y visi\u00f3n por parte de la actual conducci\u00f3n municipal. A pesar de ser un pueblo con historia, fe y belleza natural, el \u00abPortal de los Andes\u00bb qued\u00f3 fuera de toda promoci\u00f3n provincial en una de las temporadas m\u00e1s importantes para el turismo religioso.<\/p>\n\n\n\n<p>Seg\u00fan fuentes oficiales, la exclusi\u00f3n de Campo Quijano se debe a la falta de actividades informadas por parte del municipio. Esto expone una preocupante carencia de pol\u00edticas p\u00fablicas tur\u00edsticas y culturales, y una alarmante desconexi\u00f3n entre los funcionarios locales y las verdaderas fortalezas del territorio que administran.<\/p>\n\n\n\n<p>\u00bfC\u00f3mo es posible que un municipio que cuenta con una fuerte identidad religiosa, con capillas hist\u00f3ricas, una comunidad comprometida con las tradiciones y un paisaje natural que convoca al recogimiento y la contemplaci\u00f3n, no haya sido capaz de organizar, comunicar y poner en valor estos recursos? La respuesta es clara: falta de gesti\u00f3n, desconocimiento del potencial propio y una preocupante indiferencia hacia el desarrollo tur\u00edstico local.<\/p>\n\n\n\n<p>Para muchos vecinos, comerciantes y actores del sector tur\u00edstico, esta omisi\u00f3n no sorprende. Desde hace tiempo se percibe una ausencia de planificaci\u00f3n estrat\u00e9gica y de articulaci\u00f3n con los organismos provinciales, lo cual impide que Campo Quijano se posicione como lo que ya es por naturaleza: un destino tur\u00edstico consolidado, con identidad propia y enormes posibilidades de crecimiento.<\/p>\n\n\n\n<p>El turismo no se improvisa. Requiere visi\u00f3n, decisi\u00f3n pol\u00edtica y conocimiento del territorio. Mientras otros municipios cercanos logran posicionarse con propuestas claras, Campo Quijano pierde oportunidades valiosas por falta de conducci\u00f3n.<\/p>\n\n\n\n<p>Que la Semana Santa transcurra sin promoci\u00f3n oficial no significa que no habr\u00e1 visitantes ni expresi\u00f3n de fe. El pueblo seguir\u00e1 siendo destino, aunque lo ignoren. Pero urge que se pongan en marcha pol\u00edticas p\u00fablicas serias, sostenidas y con participaci\u00f3n local, para que esta tierra no dependa m\u00e1s del impulso individual, sino de una estrategia colectiva que la haga brillar como lo merece.<\/p>\n\n\n\n<p><a href=\"https:\/\/calendario.turismosalta.gov.ar\/\" target=\"_blank\" rel=\"noreferrer noopener\">https:\/\/calendario.turismosalta.gov.ar\/<\/a><\/p>\n\n\n\n<figure class=\"wp-block-image size-large\"><img loading=\"lazy\" decoding=\"async\" width=\"1024\" height=\"575\" src=\"https:\/\/nahuelproducciones.com.ar\/radioquijano\/wp-content\/uploads\/2025\/04\/quijano-fuera-1024x575.jpeg\" alt=\"\" class=\"wp-image-9991\" srcset=\"https:\/\/nahuelproducciones.com.ar\/radioquijano\/wp-content\/uploads\/2025\/04\/quijano-fuera-1024x575.jpeg 1024w, https:\/\/nahuelproducciones.com.ar\/radioquijano\/wp-content\/uploads\/2025\/04\/quijano-fuera-300x168.jpeg 300w, https:\/\/nahuelproducciones.com.ar\/radioquijano\/wp-content\/uploads\/2025\/04\/quijano-fuera-768x431.jpeg 768w, https:\/\/nahuelproducciones.com.ar\/radioquijano\/wp-content\/uploads\/2025\/04\/quijano-fuera-150x84.jpeg 150w, https:\/\/nahuelproducciones.com.ar\/radioquijano\/wp-content\/uploads\/2025\/04\/quijano-fuera.jpeg 1368w\" sizes=\"auto, (max-width: 1024px) 100vw, 1024px\" \/><\/figure>\n","protected":false},"excerpt":{"rendered":"<p>Campo Quijano, Salta.La ausencia de Campo Quijano en el calendario oficial de actividades tur\u00edsticas de Semana Santa publicado por el Ministerio de Turismo de Salta no es un simple olvido: es el reflejo de la falta de planificaci\u00f3n, gesti\u00f3n y visi\u00f3n por parte de la actual conducci\u00f3n municipal. A pesar de ser un pueblo con [&hellip;]<\/p>\n","protected":false},"author":6,"featured_media":9995,"comment_status":"open","ping_status":"open","sticky":false,"template":"","format":"standard","meta":{"_monsterinsights_skip_tracking":false,"_monsterinsights_sitenote_active":false,"_monsterinsights_sitenote_note":"","_monsterinsights_sitenote_category":0,"footnotes":""},"categories":[8],"tags":[73,36,58,75,63,84,71,100,47,62],"class_list":["post-9990","post","type-post","status-publish","format-standard","has-post-thumbnail","hentry","category-blog-de-sapito","tag-ariel-gallardo","tag-campo-quijano","tag-carlos-folloni","tag-concejo-deliberante-de-campo-quijano","tag-lino-yonar","tag-manuel-cornejo","tag-municipalidad-de-campo-quijano","tag-municipio-de-campo-quijano","tag-rosario-de-lerma","tag-topo-ramos"],"yoast_head":"<!-- This site is optimized with the Yoast SEO plugin v20.8 - https:\/\/yoast.com\/wordpress\/plugins\/seo\/ -->\n<title>Campo Quijano, fuera del calendario tur\u00edstico de Semana Santa: la consecuencia de la desidia institucional - RQ 99.9<\/title>\n<meta name=\"robots\" content=\"index, follow, max-snippet:-1, max-image-preview:large, max-video-preview:-1\" \/>\n<link rel=\"canonical\" href=\"https:\/\/nahuelproducciones.com.ar\/radioquijano\/campo-quijano-fuera-del-calendario-turistico-de-semana-santa-la-consecuencia-de-la-desidia-institucional\/\" \/>\n<meta property=\"og:locale\" content=\"es_ES\" \/>\n<meta property=\"og:type\" content=\"article\" \/>\n<meta property=\"og:title\" content=\"Campo Quijano, fuera del calendario tur\u00edstico de Semana Santa: la consecuencia de la desidia institucional - RQ 99.9\" \/>\n<meta property=\"og:description\" content=\"Campo Quijano, Salta.La ausencia de Campo Quijano en el calendario oficial de actividades tur\u00edsticas de Semana Santa publicado por el Ministerio de Turismo de Salta no es un simple olvido: es el reflejo de la falta de planificaci\u00f3n, gesti\u00f3n y visi\u00f3n por parte de la actual conducci\u00f3n municipal. A pesar de ser un pueblo con [&hellip;]\" \/>\n<meta property=\"og:url\" content=\"https:\/\/nahuelproducciones.com.ar\/radioquijano\/campo-quijano-fuera-del-calendario-turistico-de-semana-santa-la-consecuencia-de-la-desidia-institucional\/\" \/>\n<meta property=\"og:site_name\" content=\"RQ 99.9\" \/>\n<meta property=\"article:publisher\" content=\"https:\/\/www.facebook.com\/nahuelproducciones999\/\" \/>\n<meta property=\"article:published_time\" content=\"2025-04-17T01:00:30+00:00\" \/>\n<meta property=\"article:modified_time\" content=\"2025-04-17T14:09:56+00:00\" \/>\n<meta property=\"og:image\" content=\"https:\/\/nahuelproducciones.com.ar\/radioquijano\/wp-content\/uploads\/2025\/04\/semana-santa-en-quijano.jpg\" \/>\n\t<meta property=\"og:image:width\" content=\"700\" \/>\n\t<meta property=\"og:image:height\" content=\"401\" \/>\n\t<meta property=\"og:image:type\" content=\"image\/jpeg\" \/>\n<meta name=\"author\" content=\"Ricardo Guzman\" \/>\n<meta name=\"twitter:card\" content=\"summary_large_image\" \/>\n<meta name=\"twitter:creator\" content=\"@nahuproduciones\" \/>\n<meta name=\"twitter:site\" content=\"@nahuproduciones\" \/>\n<meta name=\"twitter:label1\" content=\"Escrito por\" \/>\n\t<meta name=\"twitter:data1\" content=\"Ricardo Guzman\" \/>\n\t<meta name=\"twitter:label2\" content=\"Tiempo de lectura\" \/>\n\t<meta name=\"twitter:data2\" content=\"2 minutos\" \/>\n<script type=\"application\/ld+json\" class=\"yoast-schema-graph\">{\"@context\":\"https:\/\/schema.org\",\"@graph\":[{\"@type\":\"WebPage\",\"@id\":\"https:\/\/nahuelproducciones.com.ar\/radioquijano\/campo-quijano-fuera-del-calendario-turistico-de-semana-santa-la-consecuencia-de-la-desidia-institucional\/\",\"url\":\"https:\/\/nahuelproducciones.com.ar\/radioquijano\/campo-quijano-fuera-del-calendario-turistico-de-semana-santa-la-consecuencia-de-la-desidia-institucional\/\",\"name\":\"Campo Quijano, fuera del calendario tur\u00edstico de Semana Santa: la consecuencia de la desidia institucional - RQ 99.9\",\"isPartOf\":{\"@id\":\"https:\/\/nahuelproducciones.com.ar\/radioquijano\/#website\"},\"datePublished\":\"2025-04-17T01:00:30+00:00\",\"dateModified\":\"2025-04-17T14:09:56+00:00\",\"author\":{\"@id\":\"https:\/\/nahuelproducciones.com.ar\/radioquijano\/#\/schema\/person\/b9b81a110cbdf07949e2cd02d478ab9d\"},\"breadcrumb\":{\"@id\":\"https:\/\/nahuelproducciones.com.ar\/radioquijano\/campo-quijano-fuera-del-calendario-turistico-de-semana-santa-la-consecuencia-de-la-desidia-institucional\/#breadcrumb\"},\"inLanguage\":\"es\",\"potentialAction\":[{\"@type\":\"ReadAction\",\"target\":[\"https:\/\/nahuelproducciones.com.ar\/radioquijano\/campo-quijano-fuera-del-calendario-turistico-de-semana-santa-la-consecuencia-de-la-desidia-institucional\/\"]}]},{\"@type\":\"BreadcrumbList\",\"@id\":\"https:\/\/nahuelproducciones.com.ar\/radioquijano\/campo-quijano-fuera-del-calendario-turistico-de-semana-santa-la-consecuencia-de-la-desidia-institucional\/#breadcrumb\",\"itemListElement\":[{\"@type\":\"ListItem\",\"position\":1,\"name\":\"Portada\",\"item\":\"https:\/\/nahuelproducciones.com.ar\/radioquijano\/\"},{\"@type\":\"ListItem\",\"position\":2,\"name\":\"Campo Quijano, fuera del calendario tur\u00edstico de Semana Santa: la consecuencia de la desidia institucional\"}]},{\"@type\":\"WebSite\",\"@id\":\"https:\/\/nahuelproducciones.com.ar\/radioquijano\/#website\",\"url\":\"https:\/\/nahuelproducciones.com.ar\/radioquijano\/\",\"name\":\"RQ 99.9\",\"description\":\"Radio Quijano 99.9 MHz\",\"potentialAction\":[{\"@type\":\"SearchAction\",\"target\":{\"@type\":\"EntryPoint\",\"urlTemplate\":\"https:\/\/nahuelproducciones.com.ar\/radioquijano\/?s={search_term_string}\"},\"query-input\":\"required name=search_term_string\"}],\"inLanguage\":\"es\"},{\"@type\":\"Person\",\"@id\":\"https:\/\/nahuelproducciones.com.ar\/radioquijano\/#\/schema\/person\/b9b81a110cbdf07949e2cd02d478ab9d\",\"name\":\"Ricardo Guzman\",\"image\":{\"@type\":\"ImageObject\",\"inLanguage\":\"es\",\"@id\":\"https:\/\/nahuelproducciones.com.ar\/radioquijano\/#\/schema\/person\/image\/\",\"url\":\"https:\/\/secure.gravatar.com\/avatar\/a5d582deda251f95dc882b72fc6e7b4854f88bb25c3154519210afffa7d706e8?s=96&d=mm&r=g\",\"contentUrl\":\"https:\/\/secure.gravatar.com\/avatar\/a5d582deda251f95dc882b72fc6e7b4854f88bb25c3154519210afffa7d706e8?s=96&d=mm&r=g\",\"caption\":\"Ricardo Guzman\"},\"url\":\"https:\/\/nahuelproducciones.com.ar\/radioquijano\/author\/cady\/\"}]}<\/script>\n<!-- \/ Yoast SEO plugin. -->","yoast_head_json":{"title":"Campo Quijano, fuera del calendario tur\u00edstico de Semana Santa: la consecuencia de la desidia institucional - RQ 99.9","robots":{"index":"index","follow":"follow","max-snippet":"max-snippet:-1","max-image-preview":"max-image-preview:large","max-video-preview":"max-video-preview:-1"},"canonical":"https:\/\/nahuelproducciones.com.ar\/radioquijano\/campo-quijano-fuera-del-calendario-turistico-de-semana-santa-la-consecuencia-de-la-desidia-institucional\/","og_locale":"es_ES","og_type":"article","og_title":"Campo Quijano, fuera del calendario tur\u00edstico de Semana Santa: la consecuencia de la desidia institucional - RQ 99.9","og_description":"Campo Quijano, Salta.La ausencia de Campo Quijano en el calendario oficial de actividades tur\u00edsticas de Semana Santa publicado por el Ministerio de Turismo de Salta no es un simple olvido: es el reflejo de la falta de planificaci\u00f3n, gesti\u00f3n y visi\u00f3n por parte de la actual conducci\u00f3n municipal. A pesar de ser un pueblo con [&hellip;]","og_url":"https:\/\/nahuelproducciones.com.ar\/radioquijano\/campo-quijano-fuera-del-calendario-turistico-de-semana-santa-la-consecuencia-de-la-desidia-institucional\/","og_site_name":"RQ 99.9","article_publisher":"https:\/\/www.facebook.com\/nahuelproducciones999\/","article_published_time":"2025-04-17T01:00:30+00:00","article_modified_time":"2025-04-17T14:09:56+00:00","og_image":[{"width":700,"height":401,"url":"https:\/\/nahuelproducciones.com.ar\/radioquijano\/wp-content\/uploads\/2025\/04\/semana-santa-en-quijano.jpg","type":"image\/jpeg"}],"author":"Ricardo Guzman","twitter_card":"summary_large_image","twitter_creator":"@nahuproduciones","twitter_site":"@nahuproduciones","twitter_misc":{"Escrito por":"Ricardo Guzman","Tiempo de lectura":"2 minutos"},"schema":{"@context":"https:\/\/schema.org","@graph":[{"@type":"WebPage","@id":"https:\/\/nahuelproducciones.com.ar\/radioquijano\/campo-quijano-fuera-del-calendario-turistico-de-semana-santa-la-consecuencia-de-la-desidia-institucional\/","url":"https:\/\/nahuelproducciones.com.ar\/radioquijano\/campo-quijano-fuera-del-calendario-turistico-de-semana-santa-la-consecuencia-de-la-desidia-institucional\/","name":"Campo Quijano, fuera del calendario tur\u00edstico de Semana Santa: la consecuencia de la desidia institucional - RQ 99.9","isPartOf":{"@id":"https:\/\/nahuelproducciones.com.ar\/radioquijano\/#website"},"datePublished":"2025-04-17T01:00:30+00:00","dateModified":"2025-04-17T14:09:56+00:00","author":{"@id":"https:\/\/nahuelproducciones.com.ar\/radioquijano\/#\/schema\/person\/b9b81a110cbdf07949e2cd02d478ab9d"},"breadcrumb":{"@id":"https:\/\/nahuelproducciones.com.ar\/radioquijano\/campo-quijano-fuera-del-calendario-turistico-de-semana-santa-la-consecuencia-de-la-desidia-institucional\/#breadcrumb"},"inLanguage":"es","potentialAction":[{"@type":"ReadAction","target":["https:\/\/nahuelproducciones.com.ar\/radioquijano\/campo-quijano-fuera-del-calendario-turistico-de-semana-santa-la-consecuencia-de-la-desidia-institucional\/"]}]},{"@type":"BreadcrumbList","@id":"https:\/\/nahuelproducciones.com.ar\/radioquijano\/campo-quijano-fuera-del-calendario-turistico-de-semana-santa-la-consecuencia-de-la-desidia-institucional\/#breadcrumb","itemListElement":[{"@type":"ListItem","position":1,"name":"Portada","item":"https:\/\/nahuelproducciones.com.ar\/radioquijano\/"},{"@type":"ListItem","position":2,"name":"Campo Quijano, fuera del calendario tur\u00edstico de Semana Santa: la consecuencia de la desidia institucional"}]},{"@type":"WebSite","@id":"https:\/\/nahuelproducciones.com.ar\/radioquijano\/#website","url":"https:\/\/nahuelproducciones.com.ar\/radioquijano\/","name":"RQ 99.9","description":"Radio Quijano 99.9 MHz","potentialAction":[{"@type":"SearchAction","target":{"@type":"EntryPoint","urlTemplate":"https:\/\/nahuelproducciones.com.ar\/radioquijano\/?s={search_term_string}"},"query-input":"required name=search_term_string"}],"inLanguage":"es"},{"@type":"Person","@id":"https:\/\/nahuelproducciones.com.ar\/radioquijano\/#\/schema\/person\/b9b81a110cbdf07949e2cd02d478ab9d","name":"Ricardo Guzman","image":{"@type":"ImageObject","inLanguage":"es","@id":"https:\/\/nahuelproducciones.com.ar\/radioquijano\/#\/schema\/person\/image\/","url":"https:\/\/secure.gravatar.com\/avatar\/a5d582deda251f95dc882b72fc6e7b4854f88bb25c3154519210afffa7d706e8?s=96&d=mm&r=g","contentUrl":"https:\/\/secure.gravatar.com\/avatar\/a5d582deda251f95dc882b72fc6e7b4854f88bb25c3154519210afffa7d706e8?s=96&d=mm&r=g","caption":"Ricardo Guzman"},"url":"https:\/\/nahuelproducciones.com.ar\/radioquijano\/author\/cady\/"}]}},"_links":{"self":[{"href":"https:\/\/nahuelproducciones.com.ar\/radioquijano\/wp-json\/wp\/v2\/posts\/9990","targetHints":{"allow":["GET"]}}],"collection":[{"href":"https:\/\/nahuelproducciones.com.ar\/radioquijano\/wp-json\/wp\/v2\/posts"}],"about":[{"href":"https:\/\/nahuelproducciones.com.ar\/radioquijano\/wp-json\/wp\/v2\/types\/post"}],"author":[{"embeddable":true,"href":"https:\/\/nahuelproducciones.com.ar\/radioquijano\/wp-json\/wp\/v2\/users\/6"}],"replies":[{"embeddable":true,"href":"https:\/\/nahuelproducciones.com.ar\/radioquijano\/wp-json\/wp\/v2\/comments?post=9990"}],"version-history":[{"count":5,"href":"https:\/\/nahuelproducciones.com.ar\/radioquijano\/wp-json\/wp\/v2\/posts\/9990\/revisions"}],"predecessor-version":[{"id":9998,"href":"https:\/\/nahuelproducciones.com.ar\/radioquijano\/wp-json\/wp\/v2\/posts\/9990\/revisions\/9998"}],"wp:featuredmedia":[{"embeddable":true,"href":"https:\/\/nahuelproducciones.com.ar\/radioquijano\/wp-json\/wp\/v2\/media\/9995"}],"wp:attachment":[{"href":"https:\/\/nahuelproducciones.com.ar\/radioquijano\/wp-json\/wp\/v2\/media?parent=9990"}],"wp:term":[{"taxonomy":"category","embeddable":true,"href":"https:\/\/nahuelproducciones.com.ar\/radioquijano\/wp-json\/wp\/v2\/categories?post=9990"},{"taxonomy":"post_tag","embeddable":true,"href":"https:\/\/nahuelproducciones.com.ar\/radioquijano\/wp-json\/wp\/v2\/tags?post=9990"}],"curies":[{"name":"wp","href":"https:\/\/api.w.org\/{rel}","templated":true}]}}